{"id":35679,"date":"2017-10-30T09:00:48","date_gmt":"2017-10-30T11:00:48","guid":{"rendered":"http:\/\/catolicanet.net\/wp-cnet\/?p=35679"},"modified":"2017-11-24T11:58:52","modified_gmt":"2017-11-24T13:58:52","slug":"300-anos-de-aparecida-jubileu-registra-aumento-no-numero-de-fieis-no-santuario","status":"publish","type":"post","link":"https:\/\/catolicanet.net\/wp-cnet\/300-anos-de-aparecida-jubileu-registra-aumento-no-numero-de-fieis-no-santuario\/","title":{"rendered":"300 anos de Aparecida: Jubileu registra aumento no n\u00famero de fi\u00e9is no Santu\u00e1rio"},"content":{"rendered":"<p>APARECIDA, 29 Out. 17 \/ 06:00 am (ACI).- Por ocasi\u00e3o do Ano Jubilar Mariano em comemora\u00e7\u00e3o aos 300 anos do encontro da imagem de Nossa Senhora Aparecida no Rio Para\u00edba do Sul, o Santu\u00e1rio Nacional registrou um aumento no n\u00famero de fi\u00e9is que o visitaram entre 12 de outubro de 2016 e a mesma data deste ano: foram 12.834.019 peregrinos.<\/p>\n<p>Os dados foram divulgados pelo Santu\u00e1rio Nacional de Aparecida e o reitor, Padre Jo\u00e3o Batista de Almeida, analisou que este \u201cfoi um tempo de muito envolvimento eclesial\u201d.<\/p>\n<p>\u201cEste projeto abra\u00e7ou e foi abra\u00e7ado pelo Brasil\u201d, afirmou o reitor lembrando que houve express\u00f5es da classe art\u00edstica, bem como homenagens por parte de poderes executivo e legislativo e a ades\u00e3o das diversas circuncis\u00f5es eclesi\u00e1sticas, tendo a imagem jubilar percorrido 250 delas em todo o Brasil.<\/p>\n<p>Por\u00e9m, ressaltou que \u201co que se destaca\u201d em meio a tudo isso \u201c\u00e9 a participa\u00e7\u00e3o dos devotos, que neste tempo especial n\u00e3o mediram esfor\u00e7os para estar aqui ou acompanhar a movimenta\u00e7\u00e3o pelos meios de comunica\u00e7\u00e3o\u201d.<\/p>\n<p>De acordo com o Santu\u00e1rio Nacional, neste Ano Jubilar foram intensificadas as romarias promovidas por movimentos, dioceses e arquidioceses ao Santu\u00e1rio Nacional, com destaque para as peregrina\u00e7\u00f5es a p\u00e9.<\/p>\n<p>Dados da concession\u00e1ria que administra a Via Dutra, uma das principais rotas de acesso \u00e0 Aparecida, revelam que de 1\u00ba de setembro a 15 de outubro quase 20 mil romeiros caminharam at\u00e9 a Bas\u00edlica Nacional, o que corresponde a um aumento de 114% em compara\u00e7\u00e3o com o mesmo per\u00edodo de 2016.<\/p>\n<p>O impacto do crescimento do n\u00famero de fi\u00e9is tamb\u00e9m foi observado com rela\u00e7\u00e3o aos sacramentos.<\/p>\n<p>O levantamento do Santu\u00e1rio mostra que entre outubro de 2016 e setembro de 2017, foram 788 celebra\u00e7\u00f5es de Batismo na Capela do Sacramento, tendo sido batizados 3.022 crian\u00e7as e 81 adultos.<\/p>\n<p>Neste mesmo per\u00edodo, 315.190 peregrinos buscaram o sacramento da Reconcilia\u00e7\u00e3o por meio da confiss\u00e3o. Devido \u00e0 alta demanda, desde dezembro de 2015 os confession\u00e1rios atuam em escala de plant\u00e3o, n\u00e3o fechando para almo\u00e7o aos finais de semana.<\/p>\n<p>Al\u00e9m disso, durante as Missas, que foram celebradas ao menos seis vezes por dia, foram distribu\u00eddas 4.074.500 comunh\u00f5es.<\/p>\n<p>Especificamente no per\u00edodo da festa da Padroeira, de 1\u00ba a 12 de outubro deste ano, mais de 631 mil fi\u00e9is visitaram o maior santu\u00e1rio mariano do mundo. Deste total, 177 mil pessoas estiveram em Aparecida no dia 12 de outubro, 37 mil a mais do que o registrado no ano passado.<\/p>\n<p>O envolvimento dos fi\u00e9is com a Festa da Padroeira tamb\u00e9m foi sentido atrav\u00e9s dos meios de comunica\u00e7\u00e3o do Santu\u00e1rio.\u00a0 Durante o noven\u00e1rio, foi registrado mais de 3,6 milh\u00f5es de visualiza\u00e7\u00f5es no portal A12.com. Deste n\u00famero, 670 mil aconteceram no dia dedicado a Nossa Senhora, o que representa um crescimento de 110% em rela\u00e7\u00e3o a 2016.<\/p>\n<p>Por sua vez, a TV Aparecida ficou em 4\u00ba lugar nos dias 11 e 12 de outubro, durante a coroa\u00e7\u00e3o jubilar e a Missa Solene. No per\u00edodo, os acessos ao streaming virtual da TV alcan\u00e7aram mais de 1 milh\u00e3o de pessoas. Por meio da rede social, a emissora atingiu mais de 8 milh\u00f5es de pessoas durante a Novena e Festa.<\/p>\n<p>A grande participa\u00e7\u00e3o dos fi\u00e9is se refletiu em uma ampla a\u00e7\u00e3o solid\u00e1ria, uma vez que foram arrecadados mais de 17 toneladas de alimentos, que foram repassados a 42 entidades das cidades de Roseira (SP), Potim (SP), Aparecida (SP), Lagoinha (SP), Guaratinguet\u00e1 (SP) e Cunha (SP).<\/p>\n<p>Entretanto, o incentivo e promo\u00e7\u00e3o da devo\u00e7\u00e3o \u00e0 Virgem Aparecida n\u00e3o param por a\u00ed. A partir de 2018, o Santu\u00e1rio Nacional vai celebrar no dia 12 de cada m\u00eas o dia nacional mariano, que pretende recordar aos cat\u00f3licos a import\u00e2ncia e a for\u00e7a da devo\u00e7\u00e3o a Nossa Senhora, bem como explicar aos fi\u00e9is o lugar da M\u00e3e de Jesus na hist\u00f3ria da salva\u00e7\u00e3o.<\/p>\n<p>Al\u00e9m disso, atividades formativas para os fi\u00e9is est\u00e3o sendo pensadas ao decorrer do ano, sobretudo aos fins de semana, quando a aflu\u00eancia dos peregrinos \u00e9 maior.<\/p>\n<p>&nbsp;<\/p>\n<p>Fonte: Acidigital<\/p>\n","protected":false},"excerpt":{"rendered":"<p>APARECIDA, 29 Out. 17 \/ 06:00 am (ACI).- Por ocasi\u00e3o do Ano Jubilar Mariano em comemora\u00e7\u00e3o aos 300 anos do encontro da imagem de Nossa Senhora Aparecida no Rio Para\u00edba do Sul, o Santu\u00e1rio Nacional registrou um aumento no n\u00famero de fi\u00e9is que o visitaram entre 12 de outubro de 2016 e a mesma data [&hellip;]<\/p>\n","protected":false},"author":1,"featured_media":35680,"comment_status":"open","ping_status":"closed","sticky":false,"template":"","format":"standard","meta":{"footnotes":""},"categories":[4],"tags":[],"class_list":["post-35679","post","type-post","status-publish","format-standard","has-post-thumbnail","hentry","category-cotidiano"],"_links":{"self":[{"href":"https:\/\/catolicanet.net\/wp-cnet\/wp-json\/wp\/v2\/posts\/35679","targetHints":{"allow":["GET"]}}],"collection":[{"href":"https:\/\/catolicanet.net\/wp-cnet\/wp-json\/wp\/v2\/posts"}],"about":[{"href":"https:\/\/catolicanet.net\/wp-cnet\/wp-json\/wp\/v2\/types\/post"}],"author":[{"embeddable":true,"href":"https:\/\/catolicanet.net\/wp-cnet\/wp-json\/wp\/v2\/users\/1"}],"replies":[{"embeddable":true,"href":"https:\/\/catolicanet.net\/wp-cnet\/wp-json\/wp\/v2\/comments?post=35679"}],"version-history":[{"count":1,"href":"https:\/\/catolicanet.net\/wp-cnet\/wp-json\/wp\/v2\/posts\/35679\/revisions"}],"predecessor-version":[{"id":35681,"href":"https:\/\/catolicanet.net\/wp-cnet\/wp-json\/wp\/v2\/posts\/35679\/revisions\/35681"}],"wp:featuredmedia":[{"embeddable":true,"href":"https:\/\/catolicanet.net\/wp-cnet\/wp-json\/wp\/v2\/media\/35680"}],"wp:attachment":[{"href":"https:\/\/catolicanet.net\/wp-cnet\/wp-json\/wp\/v2\/media?parent=35679"}],"wp:term":[{"taxonomy":"category","embeddable":true,"href":"https:\/\/catolicanet.net\/wp-cnet\/wp-json\/wp\/v2\/categories?post=35679"},{"taxonomy":"post_tag","embeddable":true,"href":"https:\/\/catolicanet.net\/wp-cnet\/wp-json\/wp\/v2\/tags?post=35679"}],"curies":[{"name":"wp","href":"https:\/\/api.w.org\/{rel}","templated":true}]}}