{"id":3564,"date":"2013-11-29T18:35:59","date_gmt":"2013-11-29T20:35:59","guid":{"rendered":"http:\/\/catolicanet.net\/wp-cnet\/papa-francisco-2015-ano-dedicado-a-vida-consagrada\/"},"modified":"2017-03-23T16:43:00","modified_gmt":"2017-03-23T19:43:00","slug":"papa-francisco-2015-ano-dedicado-a-vida-consagrada","status":"publish","type":"post","link":"https:\/\/catolicanet.net\/wp-cnet\/papa-francisco-2015-ano-dedicado-a-vida-consagrada\/","title":{"rendered":"Papa Francisco: 2015, ano dedicado \u00e0 vida consagrada"},"content":{"rendered":"<p style=\"text-align: justify;\"><img decoding=\"async\" src=\"http:\/\/catolicanet.com.br\/images\/stories\/papafrancisco2015.jpg\" border=\"0\" align=\"left\" \/>O Papa Francisco encontrou-se na manh\u00e3 desta sexta-feira, no Vaticano, com os participantes da 82\u00aa Assembleia Geral da Uni\u00e3o dos Superiores Gerais (USG), realizada nesses dias, em Roma.<\/p>\n<p>Tratou-se de um encontro de tr\u00eas horas em que o pont\u00edfice n\u00e3o proferiu um discurso preparado, mas respondeu \u00e0s perguntas que lhe foram feitas. No final do encontro, onde estavam presentes 120 superiores gerais, o Papa Francisco anunciou que 2015 ser\u00e1 o ano dedicado \u00e0 vida consagrada.<\/p>\n<p>O Santo Padre observou que os religiosos s\u00e3o chamados a seguir o Senhor de forma especial. &#8220;Eles s\u00e3o homens e mulheres que podem despertar o mundo. A vida consagrada \u00e9 profecia&#8221;, disse o pont\u00edfice. &#8220;Deus nos pede para sair do ninho e ir para as fronteiras do mundo, evitando a tenta\u00e7\u00e3o de dom\u00e1-las. Esta \u00e9 a maneira mais concreta de imitar o Senhor&#8221;, frisou Francisco.<\/p>\n<p>Questionado sobre a situa\u00e7\u00e3o das voca\u00e7\u00f5es, o Papa destacou que existem Igrejas jovens que est\u00e3o dando novos frutos. &#8220;Isso obriga naturalmente a repensar a incultura\u00e7\u00e3o do carisma. A Igreja deve pedir perd\u00e3o e olhar com vergonha para os insucessos apost\u00f3licos devido a desentendimentos neste campo, como no caso de Matteo Ricci. O di\u00e1logo intercultural deve nos levar a introduzir no governo dos Institutos religiosos pessoas de v\u00e1rias culturas que expressam diferentes maneiras de viver o carisma&#8221;, sublinhou ainda o Papa Francisco.<\/p>\n<p>O Santo Padre insistiu muito na forma\u00e7\u00e3o que, a seu ver, se baseia em quatro pilares: forma\u00e7\u00e3o espiritual, intelectual, comunit\u00e1ria e apost\u00f3lica. &#8220;\u00c9 importante evitar todas as formas de hipocrisia e clericalismo atrav\u00e9s de um di\u00e1logo franco e aberto sobre todos os aspectos da vida&#8221;, destacou.<\/p>\n<p>&#8220;A forma\u00e7\u00e3o \u00e9 uma obra artesanal e n\u00e3o policial. O objetivo \u00e9 formar religiosos que tenham um cora\u00e7\u00e3o tenro e n\u00e3o azedo como o vinagre. Somos todos pecadores, mas n\u00e3o corruptos. Aceitamos os pecadores, mas n\u00e3o os corruptos&#8221;, sublinhou o pont\u00edfice.<\/p>\n<p>Respondendo a uma pergunta sobre a fraternidade, o Papa disse que ela tem uma enorme for\u00e7a de atra\u00e7\u00e3o. &#8220;Pressup\u00f5e a aceita\u00e7\u00e3o das diferen\u00e7as e conflitos. \u00c0s vezes \u00e9 dif\u00edcil viv\u00ea-la, mas se n\u00e3o a vivemos, n\u00e3o somos fecundos&#8221;, disse.<\/p>\n<p>O Santo Padre frisou que as realidades de exclus\u00e3o s\u00e3o prioridades e se deteve sobre os desafios culturais e educacionais nas escolas e universidades. O Papa identificou tr\u00eas pilares da educa\u00e7\u00e3o: transmitir conhecimento, transmitir formas de fazer as coisas e transmitir valores. &#8220;Atrav\u00e9s deles se transmite a f\u00e9. O educador deve estar \u00e0 altura das pessoas que educa e se perguntar como anunciar Jesus Cristo a uma gera\u00e7\u00e3o que muda.&#8221;<\/p>\n<p>Concluindo, o Papa disse aos religiosos: &#8220;Obrigado pelo testemunho e humilha\u00e7\u00f5es pelas quais devem passar&#8221;.<\/p>\n<p style=\"text-align: justify;\">\u00a0<\/p>\n<p style=\"text-align: justify;\"><strong>Local: Cidade do Vaticano<br \/>Fonte: R\u00e1dio Vaticano<\/strong><\/p>\n","protected":false},"excerpt":{"rendered":"<p>O Papa Francisco encontrou-se na manh\u00e3 desta sexta-feira, no Vaticano, com os participantes da 82\u00aa Assembleia Geral da Uni\u00e3o dos Superiores Gerais (USG), realizada nesses dias, em Roma. Tratou-se de um encontro de tr\u00eas horas em que o pont\u00edfice n\u00e3o proferiu um discurso preparado, mas respondeu \u00e0s perguntas que lhe foram feitas. No final do [&hellip;]<\/p>\n","protected":false},"author":1,"featured_media":0,"comment_status":"closed","ping_status":"closed","sticky":false,"template":"","format":"standard","meta":{"footnotes":""},"categories":[3],"tags":[],"class_list":["post-3564","post","type-post","status-publish","format-standard","hentry","category-vaticano"],"_links":{"self":[{"href":"https:\/\/catolicanet.net\/wp-cnet\/wp-json\/wp\/v2\/posts\/3564","targetHints":{"allow":["GET"]}}],"collection":[{"href":"https:\/\/catolicanet.net\/wp-cnet\/wp-json\/wp\/v2\/posts"}],"about":[{"href":"https:\/\/catolicanet.net\/wp-cnet\/wp-json\/wp\/v2\/types\/post"}],"author":[{"embeddable":true,"href":"https:\/\/catolicanet.net\/wp-cnet\/wp-json\/wp\/v2\/users\/1"}],"replies":[{"embeddable":true,"href":"https:\/\/catolicanet.net\/wp-cnet\/wp-json\/wp\/v2\/comments?post=3564"}],"version-history":[{"count":1,"href":"https:\/\/catolicanet.net\/wp-cnet\/wp-json\/wp\/v2\/posts\/3564\/revisions"}],"predecessor-version":[{"id":7770,"href":"https:\/\/catolicanet.net\/wp-cnet\/wp-json\/wp\/v2\/posts\/3564\/revisions\/7770"}],"wp:attachment":[{"href":"https:\/\/catolicanet.net\/wp-cnet\/wp-json\/wp\/v2\/media?parent=3564"}],"wp:term":[{"taxonomy":"category","embeddable":true,"href":"https:\/\/catolicanet.net\/wp-cnet\/wp-json\/wp\/v2\/categories?post=3564"},{"taxonomy":"post_tag","embeddable":true,"href":"https:\/\/catolicanet.net\/wp-cnet\/wp-json\/wp\/v2\/tags?post=3564"}],"curies":[{"name":"wp","href":"https:\/\/api.w.org\/{rel}","templated":true}]}}