{"id":35628,"date":"2017-10-26T13:59:16","date_gmt":"2017-10-26T15:59:16","guid":{"rendered":"http:\/\/catolicanet.net\/wp-cnet\/?p=35628"},"modified":"2017-11-24T11:18:32","modified_gmt":"2017-11-24T13:18:32","slug":"iraque-enfrentamentos-armados-obrigam-cristaos-a-fugir-outra-vez-da-planicie-de-ninive","status":"publish","type":"post","link":"https:\/\/catolicanet.net\/wp-cnet\/iraque-enfrentamentos-armados-obrigam-cristaos-a-fugir-outra-vez-da-planicie-de-ninive\/","title":{"rendered":"Iraque: Enfrentamentos armados obrigam crist\u00e3os a fugir outra vez da Plan\u00edcie de N\u00ednive"},"content":{"rendered":"<p>Roma, 26 Out. 17 \/ 12:00 pm (ACI).- Centenas de crist\u00e3os iraquianos que estavam tentando reconstruir suas vidas na Plan\u00edcie de N\u00ednive depois da expuls\u00e3o do Estado Isl\u00e2mico (ISIS) foram obrigados a fugir novamente de suas casas diante dos confrontos entre a mil\u00edcia curda e o ex\u00e9rcito iraquiano.<\/p>\n<p>Segundo informou o jornal iraquiano \u2018Ankawa\u2019, na tarde do dia 24 de outubro, ambos os lados se confrontaram nas aldeias de Bakofa e Teleskuf, tamb\u00e9m chamada Tesqopa.<\/p>\n<p>Em Teleskuf, esses ataques deixaram dois mortos e v\u00e1rios feridos, incluindo crian\u00e7as.<\/p>\n<p>Uma fonte que deseja permanecer an\u00f4nima disse \u00e0 Fox News que, em Teleskuf, \u201cum emiss\u00e1rio do governo iraquiano disse aos habitantes da aldeia que tinham que evacuar antes de amanhecer\u201d e que \u201co ex\u00e9rcito iraquiano e a mil\u00edcia xiita disseram que expulsar\u00e3o os Peshmerga (mil\u00edcia curda) de manh\u00e3\u201d.<\/p>\n<p>Depois desta ordem, cerca de mil fam\u00edlias crist\u00e3s foram embora. O jornal \u2018Ankawa\u2019 assinalou que em Bakofa tamb\u00e9m fugiram centenas de crist\u00e3os.<\/p>\n<p>A maioria dos refugiados dessas duas localidades foi para a cidade de Alqosh, onde a Igreja Cat\u00f3lica Caldeia abriu seus templos para acolh\u00ea-los e alguns cidad\u00e3os ofereceram suas casas para receb\u00ea-los.<\/p>\n<p>A organiza\u00e7\u00e3o de ajuda francesa SOS Chr\u00e9tiens d&#8217;Orrient, que realiza projetos a favor dos crist\u00e3os no Iraque, assinalou que muitas pessoas que fugiram de Teleskuf tinham voltado para suas casas nos \u00faltimos meses, ap\u00f3s passar tr\u00eas anos no ex\u00edlio, depois que o ISIS invadiu a Plan\u00edcie de N\u00ednive.<\/p>\n<p>Embora os cidad\u00e3os tenham evacuado a aldeia durante a noite de 24 de outubro, alguns sacerdotes decidiram permanecer no local. Um deles, Pe. Salar Kajo, disse que, \u201cse a guerra chegar novamente na cidade, n\u00e3o sei se as fam\u00edlias manter\u00e3o a f\u00e9. Isto provavelmente ser\u00e1 o fim\u201d.<\/p>\n<p>Diante da incerteza e da dor provocada por esta situa\u00e7\u00e3o, v\u00e1rias p\u00e1ginas no Facebook, como This is Christian Iraq (Este \u00e9 o Iraque crist\u00e3o) e SOS Chr\u00e9tiens d&#8217;Orient, pediram rezar para que Deus conceda a paz \u00e0 Plan\u00edcie de N\u00ednive e proteja a regi\u00e3o da destrui\u00e7\u00e3o.<\/p>\n<p>Em 25 de outubro, o governo regional do Curdist\u00e3o emitiu um comunicado no qual anunciou \u201cum cessar-fogo\u201d para os confrontos que aconteceram depois das tens\u00f5es ante o referendo da independ\u00eancia que realizaram para ser uma na\u00e7\u00e3o independente.<\/p>\n<p>\u201cOs ataques e confrontos entre as for\u00e7as iraquianas e os peshmerga come\u00e7aram em 16 de outubro de 2017, especialmente os confrontos de hoje, causaram danos a ambos os lados e poderiam levar a um cont\u00ednuo derramamento de sangue, provocando dor e agita\u00e7\u00e3o social entre os diferentes componentes da sociedade iraquiana\u201d, indicaram.<\/p>\n<p>Por esta raz\u00e3o, al\u00e9m de realizar \u201cum cessar-fogo e impedir todas as opera\u00e7\u00f5es militares na regi\u00e3o do Curdist\u00e3o\u201d, tamb\u00e9m \u201ccongelar\u00e3o os resultados do referendo realizado no Curdist\u00e3o iraquiano\u201d e \u201cabrir\u00e3o um di\u00e1logo entre o governo regional do Curdist\u00e3o e o governo federal iraquiano\u201d.<\/p>\n<p>A Fox News assinalou que, depois de ser libertada do ISIS em outubro de 2016, Teleskuf foi considerada como \u201cum modelo para a reabilita\u00e7\u00e3o das pequenas aldeias\u201d na Plan\u00edcie de N\u00ednive e que o governo da Hungria tinha investido cerca de dois milh\u00f5es de d\u00f3lares para reconstru\u00ed-la.<\/p>\n<p>&nbsp;<\/p>\n<p>Fonte: Acidigital<\/p>\n","protected":false},"excerpt":{"rendered":"<p>Roma, 26 Out. 17 \/ 12:00 pm (ACI).- Centenas de crist\u00e3os iraquianos que estavam tentando reconstruir suas vidas na Plan\u00edcie de N\u00ednive depois da expuls\u00e3o do Estado Isl\u00e2mico (ISIS) foram obrigados a fugir novamente de suas casas diante dos confrontos entre a mil\u00edcia curda e o ex\u00e9rcito iraquiano. Segundo informou o jornal iraquiano \u2018Ankawa\u2019, na [&hellip;]<\/p>\n","protected":false},"author":1,"featured_media":35629,"comment_status":"open","ping_status":"closed","sticky":false,"template":"","format":"standard","meta":{"footnotes":""},"categories":[4],"tags":[],"class_list":["post-35628","post","type-post","status-publish","format-standard","has-post-thumbnail","hentry","category-cotidiano"],"_links":{"self":[{"href":"https:\/\/catolicanet.net\/wp-cnet\/wp-json\/wp\/v2\/posts\/35628","targetHints":{"allow":["GET"]}}],"collection":[{"href":"https:\/\/catolicanet.net\/wp-cnet\/wp-json\/wp\/v2\/posts"}],"about":[{"href":"https:\/\/catolicanet.net\/wp-cnet\/wp-json\/wp\/v2\/types\/post"}],"author":[{"embeddable":true,"href":"https:\/\/catolicanet.net\/wp-cnet\/wp-json\/wp\/v2\/users\/1"}],"replies":[{"embeddable":true,"href":"https:\/\/catolicanet.net\/wp-cnet\/wp-json\/wp\/v2\/comments?post=35628"}],"version-history":[{"count":1,"href":"https:\/\/catolicanet.net\/wp-cnet\/wp-json\/wp\/v2\/posts\/35628\/revisions"}],"predecessor-version":[{"id":35630,"href":"https:\/\/catolicanet.net\/wp-cnet\/wp-json\/wp\/v2\/posts\/35628\/revisions\/35630"}],"wp:featuredmedia":[{"embeddable":true,"href":"https:\/\/catolicanet.net\/wp-cnet\/wp-json\/wp\/v2\/media\/35629"}],"wp:attachment":[{"href":"https:\/\/catolicanet.net\/wp-cnet\/wp-json\/wp\/v2\/media?parent=35628"}],"wp:term":[{"taxonomy":"category","embeddable":true,"href":"https:\/\/catolicanet.net\/wp-cnet\/wp-json\/wp\/v2\/categories?post=35628"},{"taxonomy":"post_tag","embeddable":true,"href":"https:\/\/catolicanet.net\/wp-cnet\/wp-json\/wp\/v2\/tags?post=35628"}],"curies":[{"name":"wp","href":"https:\/\/api.w.org\/{rel}","templated":true}]}}