{"id":35622,"date":"2017-10-26T13:38:13","date_gmt":"2017-10-26T15:38:13","guid":{"rendered":"http:\/\/catolicanet.net\/wp-cnet\/?p=35622"},"modified":"2017-11-24T11:15:21","modified_gmt":"2017-11-24T13:15:21","slug":"papa-conversa-com-astronautas-a-400-km-da-terra-o-espaco-e-o-futuro","status":"publish","type":"post","link":"https:\/\/catolicanet.net\/wp-cnet\/papa-conversa-com-astronautas-a-400-km-da-terra-o-espaco-e-o-futuro\/","title":{"rendered":"Papa conversa com astronautas a 400 km da Terra: &#8220;O espa\u00e7o \u00e9 o futuro&#8221;"},"content":{"rendered":"<p>Cidade do Vaticano (RV) \u2013 Filosofia, curiosidade, ci\u00eancia e fam\u00edlia: assim foi o col\u00f3quio do Papa Francisco com os astronautas da Esta\u00e7\u00e3o Espacial Internacional na tarde desta quinta-feira (26\/10).<\/p>\n<p>&nbsp;<\/p>\n<p><a href=\"http:\/\/media02.radiovaticana.va\/audio\/audio2\/mp3\/00600628.mp3\">Clique aqui para ouvir:<\/a><\/p>\n<p>&nbsp;<\/p>\n<p>Numa conex\u00e3o \u00e1udio e v\u00eddeo da Sala Paulo VI, o Papa conversou ao vivo com os tripulantes da miss\u00e3o 53, a bordo da Esta\u00e7\u00e3o Espacial Internacional a 400 km da Terra.<\/p>\n<p>Entre as perguntas feitas por Francisco, havia quest\u00f5es complexas, como, por exemplo, o \u201clugar\u201d que o homem ocupa no universo, segundo a vis\u00e3o dos astronautas.<\/p>\n<p>\u201c\u00c9 um discurso muito delicado, respondeu o astronauta italiano Dr. Paolo Nespoli. \u201cCreio que o nosso objetivo aqui seja conhecer o nosso ser e o que est\u00e1 ao nosso redor. E se trata de algo interessante, porque mais conhecemos, mais percebemos que conhecemos pouco. Gostaria muito que pessoas como o senhor \u2013 te\u00f3logos, fil\u00f3sofos, poetas e escritores \u2013 pudessem vir aqui no espa\u00e7o, e n\u00e3o somente f\u00edsicos e engenheiros. Isso aqui ser\u00e1 realmente o futuro; gostaria que viessem aqui para explorar o que significa ter um ser humano no espa\u00e7o.\u201d<\/p>\n<p>Ver a Terra com os olhos de Deus<\/p>\n<p>Sobre a perspectiva de admirar o planeta Terra do espa\u00e7o, um membro russo da tripula\u00e7\u00e3o disse que \u00e9 como \u201cter a possibilidade de ver a Terra um pouco com os olhos de Deus, e ver a beleza e incredulidade deste planeta\u201d.<\/p>\n<p>Na velocidade orbital de 10 km por segundo, \u201cn\u00f3s vemos a Terra com olhos diferentes: vemos uma Terra sem confins, vemos uma Terra onde a atmosfera \u00e9 extremamente s\u00fatil e olhar a Terra deste modo nos permite pensar como seres humanos, de como todos dever\u00edamos trabalhar juntos e colaborar por um futuro melhor\u201d.<\/p>\n<p>O Papa e os astronautas falaram ainda da conviv\u00eancia \u201cinternacional\u201d nas expedi\u00e7\u00f5es, j\u00e1 que se trata de pelo menos nove na\u00e7\u00f5es europeias, mais Estados Unidos, R\u00fassia, Jap\u00e3o e Canad\u00e1.<\/p>\n<p>Francisco agradeceu a oportunidade desta conversa com este pequeno \u201cPal\u00e1cio de Vidro\u201d, em refer\u00eancia \u00e0 sede das Na\u00e7\u00f5es Unidas em Nova Iorque. J\u00e1 o Dr. Nespoli agradeceu em nome de toda a tripula\u00e7\u00e3o da Esta\u00e7\u00e3o Espacial Internacional, afirmando que se trata de um local de muita pesquisa, \u201conde se vai atr\u00e1s das coisas todos os dias\u201d. \u201cEu lhe agrade\u00e7o por ter estado conosco e por ter-nos levado \u2018mais acima\u2019 e por ter-nos tirado dessa mecanicidade cotidiana, por ter-nos feito pensar em coisas maiores do que n\u00f3s\u201d.<\/p>\n<p>Tripula\u00e7\u00e3o<\/p>\n<p>A tripula\u00e7\u00e3o \u00e9 composta por: Randolph Bresnik (EUA), Comandante da NASA; Paolo Nespoli (It\u00e1lia), Engenheiro de Programas de Observa\u00e7\u00e3o da Terra (ESA); Mark T. Vande Hei (EUA), Engenheiro da NASA; Joseph Acaba, (EUA, de origem porto-riquenha), Engenheiro da NASA; Segey Ryazanskiy (R\u00fassia), Engenheiro; e Alexander Misurkin (R\u00fassia), Engenheiro.<\/p>\n<p>&nbsp;<\/p>\n<p><a href=\"https:\/\/www.youtube.com\/watch?time_continue=1&amp;v=uK-7g3vWXpQ\">Clique aqui para assistir o v\u00eddeo:<\/a><\/p>\n<p>&nbsp;<\/p>\n<p>Fonte: R\u00e1dio Vaticano<\/p>\n","protected":false},"excerpt":{"rendered":"<p>Cidade do Vaticano (RV) \u2013 Filosofia, curiosidade, ci\u00eancia e fam\u00edlia: assim foi o col\u00f3quio do Papa Francisco com os astronautas da Esta\u00e7\u00e3o Espacial Internacional na tarde desta quinta-feira (26\/10). &nbsp; Clique aqui para ouvir: &nbsp; Numa conex\u00e3o \u00e1udio e v\u00eddeo da Sala Paulo VI, o Papa conversou ao vivo com os tripulantes da miss\u00e3o 53, [&hellip;]<\/p>\n","protected":false},"author":1,"featured_media":35623,"comment_status":"open","ping_status":"closed","sticky":false,"template":"","format":"standard","meta":{"footnotes":""},"categories":[3],"tags":[],"class_list":["post-35622","post","type-post","status-publish","format-standard","has-post-thumbnail","hentry","category-vaticano"],"_links":{"self":[{"href":"https:\/\/catolicanet.net\/wp-cnet\/wp-json\/wp\/v2\/posts\/35622","targetHints":{"allow":["GET"]}}],"collection":[{"href":"https:\/\/catolicanet.net\/wp-cnet\/wp-json\/wp\/v2\/posts"}],"about":[{"href":"https:\/\/catolicanet.net\/wp-cnet\/wp-json\/wp\/v2\/types\/post"}],"author":[{"embeddable":true,"href":"https:\/\/catolicanet.net\/wp-cnet\/wp-json\/wp\/v2\/users\/1"}],"replies":[{"embeddable":true,"href":"https:\/\/catolicanet.net\/wp-cnet\/wp-json\/wp\/v2\/comments?post=35622"}],"version-history":[{"count":1,"href":"https:\/\/catolicanet.net\/wp-cnet\/wp-json\/wp\/v2\/posts\/35622\/revisions"}],"predecessor-version":[{"id":35624,"href":"https:\/\/catolicanet.net\/wp-cnet\/wp-json\/wp\/v2\/posts\/35622\/revisions\/35624"}],"wp:featuredmedia":[{"embeddable":true,"href":"https:\/\/catolicanet.net\/wp-cnet\/wp-json\/wp\/v2\/media\/35623"}],"wp:attachment":[{"href":"https:\/\/catolicanet.net\/wp-cnet\/wp-json\/wp\/v2\/media?parent=35622"}],"wp:term":[{"taxonomy":"category","embeddable":true,"href":"https:\/\/catolicanet.net\/wp-cnet\/wp-json\/wp\/v2\/categories?post=35622"},{"taxonomy":"post_tag","embeddable":true,"href":"https:\/\/catolicanet.net\/wp-cnet\/wp-json\/wp\/v2\/tags?post=35622"}],"curies":[{"name":"wp","href":"https:\/\/api.w.org\/{rel}","templated":true}]}}