{"id":3562,"date":"2013-11-29T18:06:23","date_gmt":"2013-11-29T20:06:23","guid":{"rendered":"http:\/\/catolicanet.net\/wp-cnet\/mostra-internacional-de-presepios-inaugurada-em-roma\/"},"modified":"2017-03-23T16:43:45","modified_gmt":"2017-03-23T19:43:45","slug":"mostra-internacional-de-presepios-inaugurada-em-roma","status":"publish","type":"post","link":"https:\/\/catolicanet.net\/wp-cnet\/mostra-internacional-de-presepios-inaugurada-em-roma\/","title":{"rendered":"Mostra internacional de Pres\u00e9pios inaugurada em Roma"},"content":{"rendered":"<p style=\"text-align: justify;\"><img decoding=\"async\" src=\"http:\/\/catolicanet.com.br\/images\/stories\/presepioemroma.jpg\" border=\"0\" align=\"left\" \/>Foi inaugurada nesta quinta-feira (28), na Sala Bramante na \u2018Piazza del Popolo\u2019, em Roma, a mostra internacional \u2018100 Pres\u00e9pios\u2019. A exposi\u00e7\u00e3o, aberta at\u00e9 6 de janeiro de 2014, apresenta neste ano 183 pres\u00e9pios, todos novos, provenientes 11 regi\u00f5es italianas e de 30 pa\u00edses, a maioria de cultura crist\u00e3. As t\u00e9cnicas e materiais usados na constru\u00e7\u00e3o dos pres\u00e9pios seguem as tradi\u00e7\u00f5es culturais de cada localidade.<\/p>\n<p>Para desenvolver o amor pelo \u2018Pres\u00e9pio\u2019, crian\u00e7as entre 4 e 10 anos poder\u00e3o divertir-se no laborat\u00f3rio \u2018O Pres\u00e9pio como brinquedo\u2019, onde ter\u00e3o a possibilidade de construir um personagem do pres\u00e9pio e lev\u00e1-lo para casa. Esta 12\u00aa edi\u00e7\u00e3o do Laborat\u00f3rio \u00e9 realizada em colabora\u00e7\u00e3o com a Academia de Belas Artes de Roma.<\/p>\n<p>Na inaugura\u00e7\u00e3o da Mostra estavam presentes, entre outros, o Presidente do Pontif\u00edcio Conselho das Comunica\u00e7\u00f5es Sociais, Dom Claudio Maria Celli e o Presidente da Associa\u00e7\u00e3o \u2018Natal no mundo\u2019, Giuseppe d\u2019Orsi.<\/p>\n<p>A R\u00e1dio Vaticano conversou com Dom Celli sobre a import\u00e2ncia para as crian\u00e7as em fazer o pres\u00e9pio:<\/p>\n<p><strong>R:<\/strong> <em>\u201cRecordo-me quando era crian\u00e7a. Para n\u00f3s era uma grande alegria fazer o pres\u00e9pio. Era um momento em que toda a fam\u00edlia ficava envolvida: meu pai, minha m\u00e3e e n\u00f3s filhos que procur\u00e1vamos viver este momento. Gostaria de fazer um grande convite \u00e0s fam\u00edlias para colocar o pres\u00e9pio no centro, como ponto de refer\u00eancia. Mas digo tamb\u00e9m: n\u00e3o por mero comportamento sentimental ou emotivo, mas para saborear o mist\u00e9rio do amor de Deus na nossa vida\u201d.<\/em><\/p>\n<p><strong>RV: Uma representa\u00e7\u00e3o de um \u201cpres\u00e9pio vivo\u201d, realizada por crian\u00e7as da escola da Inf\u00e2ncia \u201cAntonio Maria Gianelli\u201d de Roma, abriu a exposi\u00e7\u00e3o. Qual a import\u00e2ncia desta mostra?<\/p>\n<p>R:<\/strong><em> \u201cO pres\u00e9pio nos recorda continuamente algo particular: o amor como sua propriedade tem aquela de abaixar-se ao n\u00edvel de quem \u00e9 amado. O Mist\u00e9rio da Encarna\u00e7\u00e3o nos revela a grandeza e o mist\u00e9rio enorme deste amor de Deus pelo homem. Ent\u00e3o, olhar o pres\u00e9pio, acredito que ajude todos n\u00f3s a recordar o quanto somos amados por Deus. Acredito que a beleza da mostra seja exatamente esta: o homem exprime o Mist\u00e9rio com as dimens\u00f5es da pr\u00f3pria cultura!\u201d<\/em><\/p>\n<p>J\u00e1 o Presidente da Associa\u00e7\u00e3o \u2018Natal no mundo\u2019, Giuseppe d\u2019Orsi, falou-nos sobre a diversidade dos pres\u00e9pios:<\/p>\n<p><strong>R: <\/strong><em>\u201cVer estes pres\u00e9pios \u00e9 como fazer um pequeno passeio pelo mundo atrav\u00e9s das imagens da Natividade. Existem particularidades como, por exemplo, o pres\u00e9pio de Portugal, todo em terracota, feito \u00e0 m\u00e3o, onde se pode ver o barroco portugu\u00eas, a cor predominante que \u00e9 azul. Tamb\u00e9m o pres\u00e9pio vindo da Pol\u00f4nia, muito simples e particular, que parece muito rico, mas em realidade \u00e9 inteiramente constru\u00eddo com papel laminado, cheio de cores\u201d.<\/em><\/p>\n<p><strong>RV: E tamb\u00e9m tem aquele da Alemanha, todo em madeira&#8230;.<\/p>\n<p>R:<\/strong> <em>\u201cSim, ele vem da Floresta Negra, da zona de Munique. Neste pres\u00e9pio tem tamb\u00e9m uma h\u00e9lice. Mas porque existe esta h\u00e9lice? Porque praticamente as quatro velas na base, quando s\u00e3o acesas, aquecem o ar. A constru\u00e7\u00e3o externa \u00e9 formada por pequenos personagens colocados sobre um pedestal, em planos diferentes, e este pedestal tem um movimento rotat\u00f3rio justamente gra\u00e7as ao calor que as velas enviam \u00e0 h\u00e9lice no alto\u201d.<\/em><\/p>\n<p style=\"text-align: justify;\">\u00a0<\/p>\n<p style=\"text-align: justify;\"><strong>Local: Roma<br \/>Fonte: R\u00e1dio vaticano<\/strong><\/p>\n","protected":false},"excerpt":{"rendered":"<p>Foi inaugurada nesta quinta-feira (28), na Sala Bramante na \u2018Piazza del Popolo\u2019, em Roma, a mostra internacional \u2018100 Pres\u00e9pios\u2019. A exposi\u00e7\u00e3o, aberta at\u00e9 6 de janeiro de 2014, apresenta neste ano 183 pres\u00e9pios, todos novos, provenientes 11 regi\u00f5es italianas e de 30 pa\u00edses, a maioria de cultura crist\u00e3. As t\u00e9cnicas e materiais usados na constru\u00e7\u00e3o [&hellip;]<\/p>\n","protected":false},"author":1,"featured_media":0,"comment_status":"closed","ping_status":"closed","sticky":false,"template":"","format":"standard","meta":{"footnotes":""},"categories":[3],"tags":[],"class_list":["post-3562","post","type-post","status-publish","format-standard","hentry","category-vaticano"],"_links":{"self":[{"href":"https:\/\/catolicanet.net\/wp-cnet\/wp-json\/wp\/v2\/posts\/3562","targetHints":{"allow":["GET"]}}],"collection":[{"href":"https:\/\/catolicanet.net\/wp-cnet\/wp-json\/wp\/v2\/posts"}],"about":[{"href":"https:\/\/catolicanet.net\/wp-cnet\/wp-json\/wp\/v2\/types\/post"}],"author":[{"embeddable":true,"href":"https:\/\/catolicanet.net\/wp-cnet\/wp-json\/wp\/v2\/users\/1"}],"replies":[{"embeddable":true,"href":"https:\/\/catolicanet.net\/wp-cnet\/wp-json\/wp\/v2\/comments?post=3562"}],"version-history":[{"count":1,"href":"https:\/\/catolicanet.net\/wp-cnet\/wp-json\/wp\/v2\/posts\/3562\/revisions"}],"predecessor-version":[{"id":7772,"href":"https:\/\/catolicanet.net\/wp-cnet\/wp-json\/wp\/v2\/posts\/3562\/revisions\/7772"}],"wp:attachment":[{"href":"https:\/\/catolicanet.net\/wp-cnet\/wp-json\/wp\/v2\/media?parent=3562"}],"wp:term":[{"taxonomy":"category","embeddable":true,"href":"https:\/\/catolicanet.net\/wp-cnet\/wp-json\/wp\/v2\/categories?post=3562"},{"taxonomy":"post_tag","embeddable":true,"href":"https:\/\/catolicanet.net\/wp-cnet\/wp-json\/wp\/v2\/tags?post=3562"}],"curies":[{"name":"wp","href":"https:\/\/api.w.org\/{rel}","templated":true}]}}