{"id":3561,"date":"2013-11-29T16:47:55","date_gmt":"2013-11-29T18:47:55","guid":{"rendered":"http:\/\/catolicanet.net\/wp-cnet\/malasia-onu-defende-o-uso-da-palavra-qalaq-pelos-catolicos\/"},"modified":"2017-03-23T16:44:05","modified_gmt":"2017-03-23T19:44:05","slug":"malasia-onu-defende-o-uso-da-palavra-qalaq-pelos-catolicos","status":"publish","type":"post","link":"https:\/\/catolicanet.net\/wp-cnet\/malasia-onu-defende-o-uso-da-palavra-qalaq-pelos-catolicos\/","title":{"rendered":"Mal\u00e1sia: ONU defende o uso da palavra &#8220;Al\u00e1&#8221; pelos cat\u00f3licos"},"content":{"rendered":"<p style=\"text-align: justify;\">O governo malaio deveria consentir o uso da palavra \u201cAl\u00e1\u201d nas p\u00e1ginas do semanal cat\u00f3lico \u201cHerald\u201d em nome da liberdade de express\u00e3o e de religi\u00e3o: \u00e9 o que afirma uma equipe de observadores das Na\u00e7\u00f5es Unidas, intervindo na disputa judici\u00e1ria entre o governo da Mal\u00e1sia e a Igreja Cat\u00f3lica naquele pa\u00eds. Como informa uma nota da ONU enviada \u00e0 Fides, Frank La Rue, Relator especial das Na\u00e7\u00f5es Unidas para a liberdade de express\u00e3o, disse: \u201cO Minist\u00e9rio dos assuntos internos deveria tomar imediatamente as medidas necess\u00e1rias para garantir o direito \u00e0 liberdade de opini\u00e3o e de express\u00e3o do Herald e desistir em modo incondicionado do contencioso aberto sobre este tema\u201d.<\/p>\n<p>Segundo o comunicado do Alto Comissariado da ONU, o caso judici\u00e1rio pode ter um \u201cimpacto potencial de amplas dimens\u00f5es sobre as minorias religiosas na Mal\u00e1sia\u201d, limitando a liberdade de express\u00e3o e de religi\u00e3o. \u201cA liberdade de religi\u00e3o ou de cren\u00e7a \u00e9 um direito de todos os seres humanos e n\u00e3o um direito concedido pelo Estado\u201d, frisou Heiner Bielefeldt, Relator especial das Na\u00e7\u00f5es Unidas para a liberdade de religi\u00e3o.<\/p>\n<p>\u201cN\u00e3o pode ser um assunto de Estado modelar as tradi\u00e7\u00f5es religiosas nem o Estado pode pretender ser uma autoridade vinculante na interpreta\u00e7\u00e3o das fontes religiosas ou na defini\u00e7\u00e3o dos dogmas de f\u00e9\u201d, explica Bielefeldt na nota. Segundo Rita Izsak, especialista das Na\u00e7\u00f5es Unidas em problemas das minorias, a proibi\u00e7\u00e3o imposta ao Herald \u201cviola a liberdade da comunidade crist\u00e3 local na pr\u00e1tica da f\u00e9\u201d e \u00e9 preocupante porque \u201cpode influenciar negativamente as rela\u00e7\u00f5es inter-religiosas na na\u00e7\u00e3o\u201d.<\/p>\n<p>\u201cA discrimina\u00e7\u00e3o por raz\u00f5es religiosas ou por convic\u00e7\u00f5es pessoais \u2013 afirma no texto enviado \u00e0 Fides \u2013 constitui uma viola\u00e7\u00e3o dos direitos humanos e das liberdades fundamentais do homem. Neste caso, \u00e9 evidente a viola\u00e7\u00e3o dos direitos de uma comunidade religiosa de minoria\u201d. No m\u00eas passado, a Corte de Apelo de Kuala Lumpur, revertendo a senten\u00e7a de primeiro grau, estabeleceu que \u00e9 leg\u00edtima a decis\u00e3o do Minist\u00e9rio do Interior de proibir o uso da palavra na publica\u00e7\u00e3o do semanal \u201cHerald\u201d, afirmando que este termo \u201cn\u00e3o \u00e9 parte integrante da pr\u00e1tica da f\u00e9 crist\u00e3\u201d.<\/p>\n<p style=\"text-align: justify;\"><strong><br \/><\/strong><\/p>\n<p style=\"text-align: justify;\"><strong>Local: Kuala Lumpur<br \/>Fonte: R\u00e1dio Vaticano<\/strong><\/p>\n","protected":false},"excerpt":{"rendered":"<p>O governo malaio deveria consentir o uso da palavra \u201cAl\u00e1\u201d nas p\u00e1ginas do semanal cat\u00f3lico \u201cHerald\u201d em nome da liberdade de express\u00e3o e de religi\u00e3o: \u00e9 o que afirma uma equipe de observadores das Na\u00e7\u00f5es Unidas, intervindo na disputa judici\u00e1ria entre o governo da Mal\u00e1sia e a Igreja Cat\u00f3lica naquele pa\u00eds. Como informa uma nota [&hellip;]<\/p>\n","protected":false},"author":1,"featured_media":0,"comment_status":"closed","ping_status":"closed","sticky":false,"template":"","format":"standard","meta":{"footnotes":""},"categories":[3],"tags":[],"class_list":["post-3561","post","type-post","status-publish","format-standard","hentry","category-vaticano"],"_links":{"self":[{"href":"https:\/\/catolicanet.net\/wp-cnet\/wp-json\/wp\/v2\/posts\/3561","targetHints":{"allow":["GET"]}}],"collection":[{"href":"https:\/\/catolicanet.net\/wp-cnet\/wp-json\/wp\/v2\/posts"}],"about":[{"href":"https:\/\/catolicanet.net\/wp-cnet\/wp-json\/wp\/v2\/types\/post"}],"author":[{"embeddable":true,"href":"https:\/\/catolicanet.net\/wp-cnet\/wp-json\/wp\/v2\/users\/1"}],"replies":[{"embeddable":true,"href":"https:\/\/catolicanet.net\/wp-cnet\/wp-json\/wp\/v2\/comments?post=3561"}],"version-history":[{"count":1,"href":"https:\/\/catolicanet.net\/wp-cnet\/wp-json\/wp\/v2\/posts\/3561\/revisions"}],"predecessor-version":[{"id":7773,"href":"https:\/\/catolicanet.net\/wp-cnet\/wp-json\/wp\/v2\/posts\/3561\/revisions\/7773"}],"wp:attachment":[{"href":"https:\/\/catolicanet.net\/wp-cnet\/wp-json\/wp\/v2\/media?parent=3561"}],"wp:term":[{"taxonomy":"category","embeddable":true,"href":"https:\/\/catolicanet.net\/wp-cnet\/wp-json\/wp\/v2\/categories?post=3561"},{"taxonomy":"post_tag","embeddable":true,"href":"https:\/\/catolicanet.net\/wp-cnet\/wp-json\/wp\/v2\/tags?post=3561"}],"curies":[{"name":"wp","href":"https:\/\/api.w.org\/{rel}","templated":true}]}}