{"id":35598,"date":"2017-10-26T07:54:47","date_gmt":"2017-10-26T09:54:47","guid":{"rendered":"http:\/\/catolicanet.net\/wp-cnet\/?p=35598"},"modified":"2017-11-24T10:51:25","modified_gmt":"2017-11-24T12:51:25","slug":"projeto-ide-de-evangelizacao-juvenil-e-apresentado-no-conselho-permanente-da-cnbb","status":"publish","type":"post","link":"https:\/\/catolicanet.net\/wp-cnet\/projeto-ide-de-evangelizacao-juvenil-e-apresentado-no-conselho-permanente-da-cnbb\/","title":{"rendered":"Projeto \u201cIDE\u201d de evangeliza\u00e7\u00e3o juvenil \u00e9 apresentado no Conselho Permanente da CNBB"},"content":{"rendered":"<p>O Projeto da Pastoral Juvenil do Brasil 2017-2020, carinhosamente apelidado de \u201cIDE\u201d foi apresentado aos bispos na 94\u00aa Reuni\u00e3o do Conselho Permanente da Confer\u00eancia Nacional dos Bispos do Brasil (CNBB), na manh\u00e3 do dia 24 de novembro. O presidente da Comiss\u00e3o Episcopal Pastoral para a Juventude, dom Vilson Basso, disse que trata-se da continuidade da a\u00e7\u00e3o evangelizadora da Igreja com os jovens ap\u00f3s o projeto Rota 300, conclu\u00eddo em outubro deste ano.<\/p>\n<p>O projeto estrutura-se em cinco grandes linhas: a)Miss\u00e3o; b) Capacita\u00e7\u00e3o; c) estruturas de acompanhamento; d) ecologia e e) pol\u00edticas p\u00fablicas. Segundo dom Vilson, a inspira\u00e7\u00e3o para os dois novos eixos (ecologia e pol\u00edticas p\u00fablicas) vieram do papa Francisco, por meio da sua enc\u00edclica Laudato Si, que trata do meio ambiente, e da Campanha da Fraternidade 2019 que vai tratar do tema das pol\u00edticas p\u00fablicas.<\/p>\n<p><img loading=\"lazy\" decoding=\"async\" class=\"alignright\" src=\"http:\/\/cnbb.net.br\/wp-content\/uploads\/sites\/32\/2017\/10\/xIMG_9451-1024x683.jpg.pagespeed.ic.LxcI2wVBlZ.jpg\" width=\"300\" height=\"200\" border=\"0\" \/>Dom Vilson apresenta projeto da Comiss\u00e3o no Conselho Permanente<\/p>\n<p>\u201cEsse ser\u00e1 um bra\u00e7o mais interno da Igreja: miss\u00e3o, forma\u00e7\u00e3o e unidade. Abrimos duas novas frentes que seria a ida para o espa\u00e7o social que \u00e9 \u2018ecologia e pol\u00edticas p\u00fablicas\u2019, a partir das palavras do papa Francisco quando ele diz que quer um milh\u00e3o de jovens, uma gera\u00e7\u00e3o inteira vivendo a Doutrina Social da Igreja, ent\u00e3o agora continuamos caminhando, firmando os passos e abrindo novos caminhos\u201d, disse dom Vilson.<\/p>\n<p>Outro ponto importante que \u00e9 favor\u00e1vel a este projeto \u00e9 o S\u00ednodo dos Bispos 2018, convocado pelo papa, cujo tema \u00e9: Os jovens, a f\u00e9 e o discernimento vocacional. As respostas dos jovens e dioceses brasileiras j\u00e1 foram sistematizadas e enviadas ao Vaticano, segundo o religioso.<\/p>\n<p>&nbsp;<\/p>\n<p>Fonte: CNBB<\/p>\n","protected":false},"excerpt":{"rendered":"<p>O Projeto da Pastoral Juvenil do Brasil 2017-2020, carinhosamente apelidado de \u201cIDE\u201d foi apresentado aos bispos na 94\u00aa Reuni\u00e3o do Conselho Permanente da Confer\u00eancia Nacional dos Bispos do Brasil (CNBB), na manh\u00e3 do dia 24 de novembro. O presidente da Comiss\u00e3o Episcopal Pastoral para a Juventude, dom Vilson Basso, disse que trata-se da continuidade da [&hellip;]<\/p>\n","protected":false},"author":1,"featured_media":35599,"comment_status":"open","ping_status":"closed","sticky":false,"template":"","format":"standard","meta":{"footnotes":""},"categories":[7],"tags":[],"class_list":["post-35598","post","type-post","status-publish","format-standard","has-post-thumbnail","hentry","category-cnbb"],"_links":{"self":[{"href":"https:\/\/catolicanet.net\/wp-cnet\/wp-json\/wp\/v2\/posts\/35598","targetHints":{"allow":["GET"]}}],"collection":[{"href":"https:\/\/catolicanet.net\/wp-cnet\/wp-json\/wp\/v2\/posts"}],"about":[{"href":"https:\/\/catolicanet.net\/wp-cnet\/wp-json\/wp\/v2\/types\/post"}],"author":[{"embeddable":true,"href":"https:\/\/catolicanet.net\/wp-cnet\/wp-json\/wp\/v2\/users\/1"}],"replies":[{"embeddable":true,"href":"https:\/\/catolicanet.net\/wp-cnet\/wp-json\/wp\/v2\/comments?post=35598"}],"version-history":[{"count":1,"href":"https:\/\/catolicanet.net\/wp-cnet\/wp-json\/wp\/v2\/posts\/35598\/revisions"}],"predecessor-version":[{"id":35600,"href":"https:\/\/catolicanet.net\/wp-cnet\/wp-json\/wp\/v2\/posts\/35598\/revisions\/35600"}],"wp:featuredmedia":[{"embeddable":true,"href":"https:\/\/catolicanet.net\/wp-cnet\/wp-json\/wp\/v2\/media\/35599"}],"wp:attachment":[{"href":"https:\/\/catolicanet.net\/wp-cnet\/wp-json\/wp\/v2\/media?parent=35598"}],"wp:term":[{"taxonomy":"category","embeddable":true,"href":"https:\/\/catolicanet.net\/wp-cnet\/wp-json\/wp\/v2\/categories?post=35598"},{"taxonomy":"post_tag","embeddable":true,"href":"https:\/\/catolicanet.net\/wp-cnet\/wp-json\/wp\/v2\/tags?post=35598"}],"curies":[{"name":"wp","href":"https:\/\/api.w.org\/{rel}","templated":true}]}}