{"id":3550,"date":"2013-11-28T18:16:26","date_gmt":"2013-11-28T20:16:26","guid":{"rendered":"http:\/\/catolicanet.net\/wp-cnet\/bispo-da-nicaragua-fala-da-relacao-da-palavra-de-deus-com-o-mundo\/"},"modified":"2017-03-23T16:50:35","modified_gmt":"2017-03-23T19:50:35","slug":"bispo-da-nicaragua-fala-da-relacao-da-palavra-de-deus-com-o-mundo","status":"publish","type":"post","link":"https:\/\/catolicanet.net\/wp-cnet\/bispo-da-nicaragua-fala-da-relacao-da-palavra-de-deus-com-o-mundo\/","title":{"rendered":"Bispo da Nicar\u00e1gua fala da rela\u00e7\u00e3o da palavra de Deus com o mundo"},"content":{"rendered":"<p style=\"text-align: justify;\"><img decoding=\"async\" src=\"http:\/\/catolicanet.com.br\/images\/stories\/dombaez.jpg\" border=\"0\" align=\"left\" \/>O secret\u00e1rio geral da Confer\u00eancia Episcopal da Nicar\u00e1gua, dom Silvio B\u00e1ez, destacou a import\u00e2ncia da Palavra de Deus para o mundo de hoje na confer\u00eancia que proferiu na tarde desta quarta-feira, 27, durante o 4\u00ba Congresso Americano Mission\u00e1rio (CAM 4-Comla 9), em Maracaibo. \u201cSe n\u00e3o oferecemos a palavra de Deus ao mundo, o que temos a oferecer? Toda a evangeliza\u00e7\u00e3o est\u00e1 fundada sobre esta Palavra escutada, meditada, vivida, celebrada e testemunhada\u201d, disse, citando a Exorta\u00e7\u00e3o Apost\u00f3lica \u2018Alegria do Evangelho\u2019 divulgada ontem pelo papa Francisco.<\/p>\n<p>Dom B\u00e1ez recordou que a Igreja \u201clamentavelmente\u201d j\u00e1 assumiu posi\u00e7\u00f5es que levaram a antagonismos em rela\u00e7\u00e3o ao mundo. Em sua opini\u00e3o, constitu\u00edram-se em atitudes equivocadas na sua rela\u00e7\u00e3o com o mundo. \u201cUma Igreja sobre o mundo, em atitude de arrog\u00e2ncia; contra o mundo, fora do mundo (postura de fuga), frente ao mundo (competidora do poder religioso e secular), paralela ao mundo (com sua pr\u00f3pria historia de salva\u00e7\u00e3o)\u201d, disse.<\/p>\n<p>Em rela\u00e7\u00e3o \u00e0 Palavra de Deus, dom B\u00e1ez disse ser necess\u00e1rio responder a tr\u00eas perguntas que s\u00e3o, respectivamente, de ordem antropol\u00f3gica, teol\u00f3gica e pastoral: o ser humano \u00e9 capaz de escutar a palavra de Deus?; o ser humano \u00e9 capaz de entrar em di\u00e1logo? que comporta pastoralmente a rela\u00e7\u00e3o da palavra de Deus e a realidade.<\/p>\n<p>Segundo dom B\u00e1ez, a primeira fun\u00e7\u00e3o da Palavra de Deus \u00e9 com os disc\u00edpulos. \u201cO discipulado mission\u00e1rio se fundamenta na escuta de Cristo e na comunh\u00e3o com Ele. \u00c9 uma participa\u00e7\u00e3o no seu modo de ver\u201d.<\/p>\n<p>O bispo mostrou tamb\u00e9m a rela\u00e7\u00e3o que h\u00e1 entre a Palavra de Deus e o Reino de Deus. \u201c\u00c9 necess\u00e1rio redescobrir a urg\u00eancia de anunciar a palavra para que venha o reino de Deus pregado por Jesus Cristo\u201d, sublinhou.<\/p>\n<p style=\"text-align: justify;\">\u00a0<\/p>\n<p style=\"text-align: justify;\"><strong>Local: Bras\u00edlia (DF)<br \/>Fonte: CNBB<\/strong><\/p>\n","protected":false},"excerpt":{"rendered":"<p>O secret\u00e1rio geral da Confer\u00eancia Episcopal da Nicar\u00e1gua, dom Silvio B\u00e1ez, destacou a import\u00e2ncia da Palavra de Deus para o mundo de hoje na confer\u00eancia que proferiu na tarde desta quarta-feira, 27, durante o 4\u00ba Congresso Americano Mission\u00e1rio (CAM 4-Comla 9), em Maracaibo. \u201cSe n\u00e3o oferecemos a palavra de Deus ao mundo, o que temos [&hellip;]<\/p>\n","protected":false},"author":1,"featured_media":0,"comment_status":"closed","ping_status":"closed","sticky":false,"template":"","format":"standard","meta":{"footnotes":""},"categories":[7],"tags":[],"class_list":["post-3550","post","type-post","status-publish","format-standard","hentry","category-cnbb"],"_links":{"self":[{"href":"https:\/\/catolicanet.net\/wp-cnet\/wp-json\/wp\/v2\/posts\/3550","targetHints":{"allow":["GET"]}}],"collection":[{"href":"https:\/\/catolicanet.net\/wp-cnet\/wp-json\/wp\/v2\/posts"}],"about":[{"href":"https:\/\/catolicanet.net\/wp-cnet\/wp-json\/wp\/v2\/types\/post"}],"author":[{"embeddable":true,"href":"https:\/\/catolicanet.net\/wp-cnet\/wp-json\/wp\/v2\/users\/1"}],"replies":[{"embeddable":true,"href":"https:\/\/catolicanet.net\/wp-cnet\/wp-json\/wp\/v2\/comments?post=3550"}],"version-history":[{"count":1,"href":"https:\/\/catolicanet.net\/wp-cnet\/wp-json\/wp\/v2\/posts\/3550\/revisions"}],"predecessor-version":[{"id":7785,"href":"https:\/\/catolicanet.net\/wp-cnet\/wp-json\/wp\/v2\/posts\/3550\/revisions\/7785"}],"wp:attachment":[{"href":"https:\/\/catolicanet.net\/wp-cnet\/wp-json\/wp\/v2\/media?parent=3550"}],"wp:term":[{"taxonomy":"category","embeddable":true,"href":"https:\/\/catolicanet.net\/wp-cnet\/wp-json\/wp\/v2\/categories?post=3550"},{"taxonomy":"post_tag","embeddable":true,"href":"https:\/\/catolicanet.net\/wp-cnet\/wp-json\/wp\/v2\/tags?post=3550"}],"curies":[{"name":"wp","href":"https:\/\/api.w.org\/{rel}","templated":true}]}}