{"id":35495,"date":"2017-10-23T08:41:58","date_gmt":"2017-10-23T10:41:58","guid":{"rendered":"http:\/\/catolicanet.net\/wp-cnet\/?p=35495"},"modified":"2017-11-24T09:16:22","modified_gmt":"2017-11-24T11:16:22","slug":"papa-a-idolatria-do-dinheiro-mata-deus-e-o-fundamento-da-existencia","status":"publish","type":"post","link":"https:\/\/catolicanet.net\/wp-cnet\/papa-a-idolatria-do-dinheiro-mata-deus-e-o-fundamento-da-existencia\/","title":{"rendered":"Papa: a idolatria do dinheiro mata; Deus \u00e9 o fundamento da exist\u00eancia"},"content":{"rendered":"<p>Cidade do Vaticano (RV) \u2013 O Papa come\u00e7ou a segunda-feira (23\/10) celebrando a missa na capela da Casa Santa Marta.<\/p>\n<p>Em sua homilia, Francisco comentou o Evangelho de Lucas, que prop\u00f5e a par\u00e1bola do homem rico cujo dinheiro \u201c\u00e9 o seu deus\u201d. Para o Papa, esta par\u00e1bola nos leva a refletir sobre quanto \u00e9 v\u00e3o apoiar-se sobre os bens terrenos, destacando que o verdadeiro tesouro, ao inv\u00e9s, \u00e9 a rela\u00e7\u00e3o com o Senhor.<\/p>\n<p>&nbsp;<\/p>\n<p><a href=\"http:\/\/media02.radiovaticana.va\/photo\/2017\/10\/23\/2032695_Articolo.jpg\">Clique aqui para ouvir:<\/a><\/p>\n<p>&nbsp;<\/p>\n<p><a href=\"https:\/\/www.youtube.com\/watch?v=dUXChbIurbc\">Clique aqui para assistir o v\u00eddeo:<\/a><\/p>\n<p>&nbsp;<\/p>\n<p>Diante da abund\u00e2ncia da sua colheita, aquele homem n\u00e3o para: pensa em ampliar o pr\u00f3prio armaz\u00e9m e, \u201cna sua fantasia\u201d, explica o Pont\u00edfice, a \u201cprolongar a vida\u201d: isto \u00e9, aposta em \u201cter mais bens, at\u00e9 a n\u00e1usea\u201d, n\u00e3o conhece \u201csaciedade\u201d: entra naquele movimento do consumismo exasperado\u201d, denuncia o Papa.<\/p>\n<p>\u201c\u00c9 Deus que coloca o limite a este apego ao dinheiro. Quando o homem se torna escravo do dinheiro. E esta n\u00e3o \u00e9 f\u00e1bula que Jesus inventa: esta \u00e9 a realidade. \u00c9 a realidade de hoje. \u00c9 a realidade de hoje. Muitos homens que vivem para adorar o dinheiro, para fazer do dinheiro o pr\u00f3prio deus. Tantas pessoas que vivem somente para isto e a vida n\u00e3o tem sentido. \u2018Assim faz quem acumula tesouros para si \u2013 diz o Senhor \u2013 e n\u00e3o se enriquece junto a Deus\u2019: n\u00e3o sabem o que \u00e9 enriquecer-se junto a Deus\u201d.<\/p>\n<p>O Papa cita um epis\u00f3dio que aconteceu anos atr\u00e1s na Argentina \u2013 \u201cna outra diocese\u201d, como gosta de definir Buenos Aires \u2013, quando um rico empres\u00e1rio, mesmo consciente de sua doen\u00e7a, decide comprar teimosamente uma mans\u00e3o, bem sabendo que em pouco tempo deveria se apresentar \u201cdiante de Deus\u201d. E tamb\u00e9m hoje existem essas pessoas famintas de dinheiro e de bens terrenos, pessoas que tem \u201cmuit\u00edssimo\u201d diante de \u201ccrian\u00e7as que n\u00e3o t\u00eam rem\u00e9dios, que n\u00e3o t\u00eam educa\u00e7\u00e3o, que est\u00e3o abandonadas\u201d: se trata \u201cde uma idolatria que mata\u201d, que faz \u201csacrif\u00edcios humanos\u201d, denuncia Francisco sem meias palavras.<\/p>\n<p>\u201cEsta idolatria mata de fome muitas pessoas. Pensemos somente num caso: em 200 mil crian\u00e7as rohingya nos campos para refugiados. Ali existem 800 mil pessoas. 200 mil s\u00e3o crian\u00e7as. Mal t\u00eam o suficiente para comer, est\u00e3o desnutridas, sem medicamentos. Tamb\u00e9m hoje isso acontece. N\u00e3o \u00e9 algo que o Senhor fala daqueles tempos: n\u00e3o. Hoje! E a nossa ora\u00e7\u00e3o deve ser forte: Senhor, por favor, toca o cora\u00e7\u00e3o dessas pessoas que adoram o deus, o deus dinheiro. Toca tamb\u00e9m o meu cora\u00e7\u00e3o para que eu n\u00e3o caia nisso, que eu saiba ver\u201d.<\/p>\n<p>Outra consequ\u00eancia, prossegue o Papa, \u00e9 a guerra. Inclusive a guerra familiar:<\/p>\n<p>\u201cTodos n\u00f3s sabemos o que acontece quando est\u00e1 em jogo uma heran\u00e7a: as fam\u00edlias se dividem e acabam no \u00f3dio uma pela outra. O Senhor destaca com suavidade, no final: \u2018Quem n\u00e3o se enriquece junto a Deus\u2019. Este \u00e9 o \u00fanico caminho. A riqueza, mas em Deus. E n\u00e3o \u00e9 um desprezo pelo dinheiro, n\u00e3o. \u00c9 justamente a cobi\u00e7a, como Ele diz: a cobi\u00e7a. Viver apegados ao deus dinheiro\u201d.<\/p>\n<p>O Papa conclui explicando o motivo pelo qual nossa ora\u00e7\u00e3o deve ser forte: rezemos para buscar em Deus o s\u00f3lido fundamento da nossa exist\u00eancia.<\/p>\n<p>&nbsp;<\/p>\n<p>Fonte: R\u00e1dio Vaticano<\/p>\n","protected":false},"excerpt":{"rendered":"<p>Cidade do Vaticano (RV) \u2013 O Papa come\u00e7ou a segunda-feira (23\/10) celebrando a missa na capela da Casa Santa Marta. Em sua homilia, Francisco comentou o Evangelho de Lucas, que prop\u00f5e a par\u00e1bola do homem rico cujo dinheiro \u201c\u00e9 o seu deus\u201d. Para o Papa, esta par\u00e1bola nos leva a refletir sobre quanto \u00e9 v\u00e3o [&hellip;]<\/p>\n","protected":false},"author":1,"featured_media":35496,"comment_status":"open","ping_status":"closed","sticky":false,"template":"","format":"standard","meta":{"footnotes":""},"categories":[3],"tags":[],"class_list":["post-35495","post","type-post","status-publish","format-standard","has-post-thumbnail","hentry","category-vaticano"],"_links":{"self":[{"href":"https:\/\/catolicanet.net\/wp-cnet\/wp-json\/wp\/v2\/posts\/35495","targetHints":{"allow":["GET"]}}],"collection":[{"href":"https:\/\/catolicanet.net\/wp-cnet\/wp-json\/wp\/v2\/posts"}],"about":[{"href":"https:\/\/catolicanet.net\/wp-cnet\/wp-json\/wp\/v2\/types\/post"}],"author":[{"embeddable":true,"href":"https:\/\/catolicanet.net\/wp-cnet\/wp-json\/wp\/v2\/users\/1"}],"replies":[{"embeddable":true,"href":"https:\/\/catolicanet.net\/wp-cnet\/wp-json\/wp\/v2\/comments?post=35495"}],"version-history":[{"count":1,"href":"https:\/\/catolicanet.net\/wp-cnet\/wp-json\/wp\/v2\/posts\/35495\/revisions"}],"predecessor-version":[{"id":35497,"href":"https:\/\/catolicanet.net\/wp-cnet\/wp-json\/wp\/v2\/posts\/35495\/revisions\/35497"}],"wp:featuredmedia":[{"embeddable":true,"href":"https:\/\/catolicanet.net\/wp-cnet\/wp-json\/wp\/v2\/media\/35496"}],"wp:attachment":[{"href":"https:\/\/catolicanet.net\/wp-cnet\/wp-json\/wp\/v2\/media?parent=35495"}],"wp:term":[{"taxonomy":"category","embeddable":true,"href":"https:\/\/catolicanet.net\/wp-cnet\/wp-json\/wp\/v2\/categories?post=35495"},{"taxonomy":"post_tag","embeddable":true,"href":"https:\/\/catolicanet.net\/wp-cnet\/wp-json\/wp\/v2\/tags?post=35495"}],"curies":[{"name":"wp","href":"https:\/\/api.w.org\/{rel}","templated":true}]}}