{"id":35492,"date":"2017-10-23T08:34:32","date_gmt":"2017-10-23T10:34:32","guid":{"rendered":"http:\/\/catolicanet.net\/wp-cnet\/?p=35492"},"modified":"2017-11-24T09:14:09","modified_gmt":"2017-11-24T11:14:09","slug":"papa-manifesta-intencao-de-promover-mes-missionario-extraordinario-em-2019","status":"publish","type":"post","link":"https:\/\/catolicanet.net\/wp-cnet\/papa-manifesta-intencao-de-promover-mes-missionario-extraordinario-em-2019\/","title":{"rendered":"Papa manifesta inten\u00e7\u00e3o de promover M\u00eas Mission\u00e1rio Extraordin\u00e1rio em 2019"},"content":{"rendered":"<p>Ap\u00f3s a ora\u00e7\u00e3o mariana do Angelus, deste domingo, 22 de outubro, o Papa Francisco recordou que no s\u00e1bado, 21,, em Barcelona, Espanha, foram beatificados Matteo Casals, Teofilo Casaj\u00fas, Fernando Saperas e 106 companheiros m\u00e1rtires, da Congrega\u00e7\u00e3o religiosa dos Claretianos, mortos por \u00f3dio \u00e0 f\u00e9 durante a guerra civil espanhola.<\/p>\n<p>\u201cQue o seu exemplo heroico e sua intercess\u00e3o ajudem os crist\u00e3os que, tamb\u00e9m em nossos dias, e muitos, em v\u00e1rias partes do mundo, sofrem discrimina\u00e7\u00f5es e persegui\u00e7\u00f5es\u201d, disse o Papa.<\/p>\n<p>Francisco recordou que, neste domingo, celebram-se o Dia Mundial das Miss\u00f5es sobre o tema \u201cA miss\u00e3o no cora\u00e7\u00e3o da f\u00e9 crist\u00e3\u201d, e a mem\u00f3ria lit\u00fargica de S\u00e3o Jo\u00e3o Paulo II.<\/p>\n<p>\u201cExorto-os a viver a alegria da miss\u00e3o, testemunhando o Evangelho nos ambientes em que cada um vive e trabalha. Ao mesmo tempo, somos chamados a apoiar com o afeto, ajuda concreta e ora\u00e7\u00e3o os mission\u00e1rios que partiram para anunciar Cristo \u00e0s pessoas que ainda n\u00e3o o conhecem. Recordo tamb\u00e9m que tenho a inten\u00e7\u00e3o de promover um M\u00eas Mission\u00e1rio Extraordin\u00e1rio, em outubro de 2019, a fim de alimentar o ardor da atividade evangelizadora da Igreja ad gentes. No dia em que celebramos a mem\u00f3ria lit\u00fargica de S\u00e3o Jo\u00e3o Paulo II, Papa mission\u00e1rio, confiamos \u00e0 sua intercess\u00e3o a miss\u00e3o da Igreja no mundo.\u201d<\/p>\n<p>O Papa pediu aos fi\u00e9is para que se unam \u00e0 sua ora\u00e7\u00e3o pela paz no mundo.<br \/>\n\u201cNestes dias, acompanho com aten\u00e7\u00e3o particular o Qu\u00eania, que visitei em 2015, pelo qual rezo a fim de que todo o pa\u00eds saiba enfrentar as dificuldades atuais num clima de di\u00e1logo construtivo, tendo no cora\u00e7\u00e3o a busca do bem comum.\u201d<\/p>\n<p>A seguir, o Papa saudou os peregrinos provenientes da It\u00e1lia, Luxemburgo e Ibiza, o Movimento Fam\u00edlia do Imaculado Cora\u00e7\u00e3o de Maria do Brasil e as Irm\u00e3s de Nossa Senhora das Dores.<\/p>\n<p>Saudou e aben\u00e7oou, com afeto, a comunidade peruana de Roma que foi, em prociss\u00e3o, \u00e0 Pra\u00e7a S\u00e3o Pedro, neste domingo, com a imagem do Senhor dos Milagres, uma devo\u00e7\u00e3o nascida no Peru que se espalhou pelo mundo atrav\u00e9s dos peruanos que vivem fora do pa\u00eds. Todos os anos no pen\u00faltimo domingo de outubro, a comunidade peruana de Roma vai em prociss\u00e3o at\u00e9 a Pra\u00e7a S\u00e3o Pedro, para ser aben\u00e7oada pelo Papa.<\/p>\n<p>&nbsp;<\/p>\n<p>Fonte: CNBB<\/p>\n","protected":false},"excerpt":{"rendered":"<p>Ap\u00f3s a ora\u00e7\u00e3o mariana do Angelus, deste domingo, 22 de outubro, o Papa Francisco recordou que no s\u00e1bado, 21,, em Barcelona, Espanha, foram beatificados Matteo Casals, Teofilo Casaj\u00fas, Fernando Saperas e 106 companheiros m\u00e1rtires, da Congrega\u00e7\u00e3o religiosa dos Claretianos, mortos por \u00f3dio \u00e0 f\u00e9 durante a guerra civil espanhola. \u201cQue o seu exemplo heroico e [&hellip;]<\/p>\n","protected":false},"author":1,"featured_media":35493,"comment_status":"open","ping_status":"closed","sticky":false,"template":"","format":"standard","meta":{"footnotes":""},"categories":[7],"tags":[],"class_list":["post-35492","post","type-post","status-publish","format-standard","has-post-thumbnail","hentry","category-cnbb"],"_links":{"self":[{"href":"https:\/\/catolicanet.net\/wp-cnet\/wp-json\/wp\/v2\/posts\/35492","targetHints":{"allow":["GET"]}}],"collection":[{"href":"https:\/\/catolicanet.net\/wp-cnet\/wp-json\/wp\/v2\/posts"}],"about":[{"href":"https:\/\/catolicanet.net\/wp-cnet\/wp-json\/wp\/v2\/types\/post"}],"author":[{"embeddable":true,"href":"https:\/\/catolicanet.net\/wp-cnet\/wp-json\/wp\/v2\/users\/1"}],"replies":[{"embeddable":true,"href":"https:\/\/catolicanet.net\/wp-cnet\/wp-json\/wp\/v2\/comments?post=35492"}],"version-history":[{"count":1,"href":"https:\/\/catolicanet.net\/wp-cnet\/wp-json\/wp\/v2\/posts\/35492\/revisions"}],"predecessor-version":[{"id":35494,"href":"https:\/\/catolicanet.net\/wp-cnet\/wp-json\/wp\/v2\/posts\/35492\/revisions\/35494"}],"wp:featuredmedia":[{"embeddable":true,"href":"https:\/\/catolicanet.net\/wp-cnet\/wp-json\/wp\/v2\/media\/35493"}],"wp:attachment":[{"href":"https:\/\/catolicanet.net\/wp-cnet\/wp-json\/wp\/v2\/media?parent=35492"}],"wp:term":[{"taxonomy":"category","embeddable":true,"href":"https:\/\/catolicanet.net\/wp-cnet\/wp-json\/wp\/v2\/categories?post=35492"},{"taxonomy":"post_tag","embeddable":true,"href":"https:\/\/catolicanet.net\/wp-cnet\/wp-json\/wp\/v2\/tags?post=35492"}],"curies":[{"name":"wp","href":"https:\/\/api.w.org\/{rel}","templated":true}]}}