{"id":35473,"date":"2017-10-20T09:46:39","date_gmt":"2017-10-20T11:46:39","guid":{"rendered":"http:\/\/catolicanet.net\/wp-cnet\/?p=35473"},"modified":"2017-11-24T08:55:52","modified_gmt":"2017-11-24T10:55:52","slug":"europa-encontro-de-missionarios-que-acompanham-a-diaspora-portuguesa","status":"publish","type":"post","link":"https:\/\/catolicanet.net\/wp-cnet\/europa-encontro-de-missionarios-que-acompanham-a-diaspora-portuguesa\/","title":{"rendered":"Europa: Encontro de mission\u00e1rios que acompanham a di\u00e1spora portuguesa"},"content":{"rendered":"<p>F\u00e1tima, 20 out 2017 (Ecclesia) &#8211; O encontro de mission\u00e1rios que no continente europeu acompanham a di\u00e1spora de l\u00edngua portuguesa realiza-se, de 23 a 27 de outubro, na Casa Beato Nuno, em F\u00e1tima.<\/p>\n<p>\u00abFam\u00edlia &#8211; Escola de Amor; F\u00e1tima &#8211; Escola de F\u00e9 &#8211; Que caminhos de Esperan\u00e7a?\u00bb foi o tema escolhido para este encontro promovido pela Obra Cat\u00f3lica Portuguesa de Migra\u00e7\u00f5es (OCPM), l\u00ea-se numa nota enviada \u00e0 Ag\u00eancia ECCLESIA.<\/p>\n<p>Os participantes v\u00e3o refletir sobre a realidade das migra\u00e7\u00f5es no segundo dia e a irm\u00e3 \u00c2ngela Coelho, postuladora da Causa dos Pastorinhos de F\u00e1tima, vai abordar, na manh\u00e3 do dia 25, o tema \u00abA santidade de Francisco e Jacinta desafia a Igreja \u00e0 convers\u00e3o &#8211; Que desafios para a Igreja de Cristo\u00bb, refere o programa.<\/p>\n<p>Na tarde do mesmo dia, Cristina S\u00e1 Carvalho, elemento do Secretariado Nacional da Educa\u00e7\u00e3o Crist\u00e3, falar\u00e1 sobre \u00abCatequese a alegria do Encontro com Jesus uma leitura e uma perspetiva de implementa\u00e7\u00e3o\u00bb e um casal do movimento \u00abFam\u00edlia de Can\u00e1\u00bb dar\u00e1 um testemunho sobre a realidade familiar.<\/p>\n<p>\u00abOs jovens na di\u00e1spora e em Portugal ao servi\u00e7o de uma sociedade mais humana e humanizante\u00bb \u00e9 outro tema refletido neste encontro de mission\u00e1rios que trabalham com os emigrantes na Europa.<\/p>\n<p>&nbsp;<\/p>\n<p>Fonte: Ag\u00eancia Ecclesia<\/p>\n","protected":false},"excerpt":{"rendered":"<p>F\u00e1tima, 20 out 2017 (Ecclesia) &#8211; O encontro de mission\u00e1rios que no continente europeu acompanham a di\u00e1spora de l\u00edngua portuguesa realiza-se, de 23 a 27 de outubro, na Casa Beato Nuno, em F\u00e1tima. \u00abFam\u00edlia &#8211; Escola de Amor; F\u00e1tima &#8211; Escola de F\u00e9 &#8211; Que caminhos de Esperan\u00e7a?\u00bb foi o tema escolhido para este encontro [&hellip;]<\/p>\n","protected":false},"author":1,"featured_media":35474,"comment_status":"open","ping_status":"closed","sticky":false,"template":"","format":"standard","meta":{"footnotes":""},"categories":[4],"tags":[],"class_list":["post-35473","post","type-post","status-publish","format-standard","has-post-thumbnail","hentry","category-cotidiano"],"_links":{"self":[{"href":"https:\/\/catolicanet.net\/wp-cnet\/wp-json\/wp\/v2\/posts\/35473","targetHints":{"allow":["GET"]}}],"collection":[{"href":"https:\/\/catolicanet.net\/wp-cnet\/wp-json\/wp\/v2\/posts"}],"about":[{"href":"https:\/\/catolicanet.net\/wp-cnet\/wp-json\/wp\/v2\/types\/post"}],"author":[{"embeddable":true,"href":"https:\/\/catolicanet.net\/wp-cnet\/wp-json\/wp\/v2\/users\/1"}],"replies":[{"embeddable":true,"href":"https:\/\/catolicanet.net\/wp-cnet\/wp-json\/wp\/v2\/comments?post=35473"}],"version-history":[{"count":1,"href":"https:\/\/catolicanet.net\/wp-cnet\/wp-json\/wp\/v2\/posts\/35473\/revisions"}],"predecessor-version":[{"id":35475,"href":"https:\/\/catolicanet.net\/wp-cnet\/wp-json\/wp\/v2\/posts\/35473\/revisions\/35475"}],"wp:featuredmedia":[{"embeddable":true,"href":"https:\/\/catolicanet.net\/wp-cnet\/wp-json\/wp\/v2\/media\/35474"}],"wp:attachment":[{"href":"https:\/\/catolicanet.net\/wp-cnet\/wp-json\/wp\/v2\/media?parent=35473"}],"wp:term":[{"taxonomy":"category","embeddable":true,"href":"https:\/\/catolicanet.net\/wp-cnet\/wp-json\/wp\/v2\/categories?post=35473"},{"taxonomy":"post_tag","embeddable":true,"href":"https:\/\/catolicanet.net\/wp-cnet\/wp-json\/wp\/v2\/tags?post=35473"}],"curies":[{"name":"wp","href":"https:\/\/api.w.org\/{rel}","templated":true}]}}