{"id":3544,"date":"2013-11-28T13:32:21","date_gmt":"2013-11-28T15:32:21","guid":{"rendered":"http:\/\/catolicanet.net\/wp-cnet\/francisco-propoe-dialogo-inter-religioso-franco-e-sincero-para-evitar-fraternidade-qde-laboratorioq\/"},"modified":"2017-03-23T16:52:35","modified_gmt":"2017-03-23T19:52:35","slug":"francisco-propoe-dialogo-inter-religioso-franco-e-sincero-para-evitar-fraternidade-qde-laboratorioq","status":"publish","type":"post","link":"https:\/\/catolicanet.net\/wp-cnet\/francisco-propoe-dialogo-inter-religioso-franco-e-sincero-para-evitar-fraternidade-qde-laboratorioq\/","title":{"rendered":"Francisco prop\u00f5e di\u00e1logo inter-religioso franco e sincero, para evitar fraternidade &#8220;de laborat\u00f3rio&#8221;"},"content":{"rendered":"<p style=\"text-align: justify;\">N\u00e3o \u00e9 poss\u00edvel pensar numa fraternidade de \u201claborat\u00f3rio\u201d: foi o que disse o Papa Francisco aos cerca de 50 membros do Pontif\u00edcio Conselho para o Di\u00e1logo Inter-religioso, recebidos esta manh\u00e3, no Vaticano, por ocasi\u00e3o do encerramento de sua Plen\u00e1ria.<\/p>\n<p>Em seu discurso, o Pont\u00edfice comentou a atualidade do tema escolhido para o encontro: \u201cMembros de diferentes tradi\u00e7\u00f5es religiosas na sociedade\u201d. Citando sua Exorta\u00e7\u00e3o Evangelii gaudium, Francisco recordou que uma atitude de abertura na verdade e no amor deve caracterizar o di\u00e1logo com os fi\u00e9is de outras religi\u00f5es.<\/p>\n<p>De fato, constatou, n\u00e3o faltam no mundo contextos em que a conviv\u00eancia \u00e9 dif\u00edcil. Muitas vezes, motivos pol\u00edticos ou econ\u00f4micos se sobrep\u00f5em \u00e0s diferen\u00e7as culturais e religiosas, manipulando incompreens\u00f5es e erros do passado. Tudo isso gera desconfian\u00e7a e medo. E para vencer este medo, afirmou o Papa, a \u00fanica estrada \u00e9 o di\u00e1logo, o encontro marcado pela amizade e pelo respeito. &#8220;\u00c9 a \u00fanica estrada humana.&#8221;<\/p>\n<p>Dialogar, acrescentou, n\u00e3o significa renunciar \u00e0 pr\u00f3pria identidade quando se vai ao encontro do outro, nem mesmo ceder a compromissos sobre a f\u00e9 e a moral crist\u00e3. Al\u00e9m disso, o encontro com quem \u00e9 diferente de n\u00f3s pode ser a ocasi\u00e3o de crescimento na fraternidade, de enriquecimento e de testemunho.<\/p>\n<p><strong>\u00c9 por isso que di\u00e1logo inter-religioso e evangeliza\u00e7\u00e3o n\u00e3o se excluem, mas se alimentam reciprocamente. N\u00e3o impomos nada, n\u00e3o usamos nenhuma estrat\u00e9gia desleal para atrair os fi\u00e9is, mas testemunhamos com alegria, com simplicidade, aquilo no que cremos e o que somos. Como disc\u00edpulos de Jesus, devemos nos esfor\u00e7ar para vencer o medo, prontos a fazer o primeiro passo, sem nos deixar desencorajar diante das dificuldades e incompreens\u00f5es.<br \/><\/strong><br \/>Outra desconfian\u00e7a que deve ser superada, observou ainda o Pont\u00edfice, \u00e9 em rela\u00e7\u00e3o \u00e0s tradi\u00e7\u00f5es religiosas e \u00e0 dimens\u00e3o religiosa enquanto tal. Nas sociedades sempre mais secularizadas, a religi\u00e3o \u00e9 vista como algo in\u00fatil ou at\u00e9 mesmo perigosa; e a conviv\u00eancia s\u00f3 seria poss\u00edvel escondendo a pr\u00f3pria perten\u00e7a religiosa, numa esp\u00e9cie de espa\u00e7o neutro, sem qualquer refer\u00eancia \u00e0 transcend\u00eancia.<\/p>\n<p>Francisco ent\u00e3o questiona: <strong>Como seria poss\u00edvel criar rela\u00e7\u00f5es verdadeiras, construir uma sociedade que seja aut\u00eantica casa comum, impondo que se coloque de lado aquilo que cada um considera a parte mais \u00edntima do pr\u00f3prio ser? N\u00e3o \u00e9 poss\u00edvel pensar numa fraternidade \u2018de laborat\u00f3rio\u2019.<\/strong><\/p>\n<p>O futuro, indicou o Papa, est\u00e1 na conviv\u00eancia respeitosa das diversidades, inclusive de quem n\u00e3o cr\u00ea, e n\u00e3o na homologa\u00e7\u00e3o a um pensamento \u00fanico teoricamente neutral, que produziu &#8220;trag\u00e9dias&#8221; no decorrer da Hist\u00f3ria.<br \/><strong><br \/>Torna-se, portanto, imprescind\u00edvel o reconhecimento do direito fundamental \u00e0 liberdade religiosa, em todas as suas dimens\u00f5es. Estamos convencidos de que a edifica\u00e7\u00e3o da paz mundo passe por esta via.<\/strong><\/p>\n<p style=\"text-align: justify;\">\u00a0<\/p>\n<p style=\"text-align: justify;\"><strong>Local: Cidade do Vaticano <br \/>Fonte: R\u00e1dio Vaticano<\/strong><\/p>\n","protected":false},"excerpt":{"rendered":"<p>N\u00e3o \u00e9 poss\u00edvel pensar numa fraternidade de \u201claborat\u00f3rio\u201d: foi o que disse o Papa Francisco aos cerca de 50 membros do Pontif\u00edcio Conselho para o Di\u00e1logo Inter-religioso, recebidos esta manh\u00e3, no Vaticano, por ocasi\u00e3o do encerramento de sua Plen\u00e1ria. Em seu discurso, o Pont\u00edfice comentou a atualidade do tema escolhido para o encontro: \u201cMembros de [&hellip;]<\/p>\n","protected":false},"author":1,"featured_media":0,"comment_status":"closed","ping_status":"closed","sticky":false,"template":"","format":"standard","meta":{"footnotes":""},"categories":[3],"tags":[],"class_list":["post-3544","post","type-post","status-publish","format-standard","hentry","category-vaticano"],"_links":{"self":[{"href":"https:\/\/catolicanet.net\/wp-cnet\/wp-json\/wp\/v2\/posts\/3544","targetHints":{"allow":["GET"]}}],"collection":[{"href":"https:\/\/catolicanet.net\/wp-cnet\/wp-json\/wp\/v2\/posts"}],"about":[{"href":"https:\/\/catolicanet.net\/wp-cnet\/wp-json\/wp\/v2\/types\/post"}],"author":[{"embeddable":true,"href":"https:\/\/catolicanet.net\/wp-cnet\/wp-json\/wp\/v2\/users\/1"}],"replies":[{"embeddable":true,"href":"https:\/\/catolicanet.net\/wp-cnet\/wp-json\/wp\/v2\/comments?post=3544"}],"version-history":[{"count":1,"href":"https:\/\/catolicanet.net\/wp-cnet\/wp-json\/wp\/v2\/posts\/3544\/revisions"}],"predecessor-version":[{"id":7789,"href":"https:\/\/catolicanet.net\/wp-cnet\/wp-json\/wp\/v2\/posts\/3544\/revisions\/7789"}],"wp:attachment":[{"href":"https:\/\/catolicanet.net\/wp-cnet\/wp-json\/wp\/v2\/media?parent=3544"}],"wp:term":[{"taxonomy":"category","embeddable":true,"href":"https:\/\/catolicanet.net\/wp-cnet\/wp-json\/wp\/v2\/categories?post=3544"},{"taxonomy":"post_tag","embeddable":true,"href":"https:\/\/catolicanet.net\/wp-cnet\/wp-json\/wp\/v2\/tags?post=3544"}],"curies":[{"name":"wp","href":"https:\/\/api.w.org\/{rel}","templated":true}]}}