{"id":35413,"date":"2017-10-19T09:09:06","date_gmt":"2017-10-19T11:09:06","guid":{"rendered":"http:\/\/catolicanet.net\/wp-cnet\/?p=35413"},"modified":"2017-11-23T15:11:09","modified_gmt":"2017-11-23T17:11:09","slug":"papa-a-estudantes-de-economia-nao-ao-culto-do-dinheiro","status":"publish","type":"post","link":"https:\/\/catolicanet.net\/wp-cnet\/papa-a-estudantes-de-economia-nao-ao-culto-do-dinheiro\/","title":{"rendered":"Papa a estudantes de economia: &#8220;N\u00e3o ao culto do dinheiro&#8221;"},"content":{"rendered":"<p>Cidade do Vaticano (RV) \u2013 No final da manh\u00e3 de quinta-feira (19\/10), o Papa recebeu na Sala Clementina, no Vaticano, um grupo de 80 alunos e professores do \u2018Instituto dos Chartreux\u2019, escola particular francesa com sede na cidade de Lion.<\/p>\n<p>A escola oferece estudos preliminares no campo financeiro, com forma\u00e7\u00e3o acad\u00eamica que compreende uma forte dimens\u00e3o humana, filos\u00f3fica e espiritual. Foi a partir da\u00ed que o Papa come\u00e7ou o seu discurso ao grupo:<\/p>\n<p>&#8216;Livres&#8217; do culto do dinheiro<\/p>\n<p>&#8220;\u00c9 essencial que desde j\u00e1, e em sua vida profissional futura, voc\u00eas aprendam a permanecer isentos do fasc\u00ednio do dinheiro e da escravid\u00e3o que ele cria para quem faz dele um culto. \u00c9 importante que possam ter a for\u00e7a e a coragem de n\u00e3o obedecer cegamente \u00e0 m\u00e3o invis\u00edvel do mercado\u201d.<\/p>\n<p>Francisco encorajou os estudantes franceses a aproveitar o tempo de estudos e ser promotores e defensores do amadurecimento na equidade e artes\u00e3os de uma gest\u00e3o adequada da nossa Casa Comum, \u2018ou seja, o mundo\u2019.<\/p>\n<p>N\u00e3o pisotear a dignidade dos pobres<\/p>\n<p>\u201cCada injusti\u00e7a feita contra um pobre \u00e9 uma ferida aberta que reduz a sua pr\u00f3pria dignidade. Convido voc\u00eas, crist\u00e3os, a permanecerem sempre unidos ao Senhor Jesus com a ora\u00e7\u00e3o, confiando tudo a Deus e n\u00e3o caindo na tenta\u00e7\u00e3o do desespero\u201d.<\/p>\n<p>E dirigindo-se aos n\u00e3o crist\u00e3os e ateus do grupo, concluiu:<\/p>\n<p>\u201cCom respeito e carinho, n\u00e3o se esque\u00e7am jamais, que no olhar aos outros e a voc\u00eas mesmos, o homem supera infinitamente o homem, como dizia Pascal. Encorajo todos a trabalhar pelo bem, para serem humildemente semente de um mundo novo\u201d.<\/p>\n<p>&nbsp;<\/p>\n<p>Fonte: R\u00e1dio Vaticano<\/p>\n","protected":false},"excerpt":{"rendered":"<p>Cidade do Vaticano (RV) \u2013 No final da manh\u00e3 de quinta-feira (19\/10), o Papa recebeu na Sala Clementina, no Vaticano, um grupo de 80 alunos e professores do \u2018Instituto dos Chartreux\u2019, escola particular francesa com sede na cidade de Lion. A escola oferece estudos preliminares no campo financeiro, com forma\u00e7\u00e3o acad\u00eamica que compreende uma forte [&hellip;]<\/p>\n","protected":false},"author":1,"featured_media":35414,"comment_status":"open","ping_status":"closed","sticky":false,"template":"","format":"standard","meta":{"footnotes":""},"categories":[3],"tags":[],"class_list":["post-35413","post","type-post","status-publish","format-standard","has-post-thumbnail","hentry","category-vaticano"],"_links":{"self":[{"href":"https:\/\/catolicanet.net\/wp-cnet\/wp-json\/wp\/v2\/posts\/35413","targetHints":{"allow":["GET"]}}],"collection":[{"href":"https:\/\/catolicanet.net\/wp-cnet\/wp-json\/wp\/v2\/posts"}],"about":[{"href":"https:\/\/catolicanet.net\/wp-cnet\/wp-json\/wp\/v2\/types\/post"}],"author":[{"embeddable":true,"href":"https:\/\/catolicanet.net\/wp-cnet\/wp-json\/wp\/v2\/users\/1"}],"replies":[{"embeddable":true,"href":"https:\/\/catolicanet.net\/wp-cnet\/wp-json\/wp\/v2\/comments?post=35413"}],"version-history":[{"count":1,"href":"https:\/\/catolicanet.net\/wp-cnet\/wp-json\/wp\/v2\/posts\/35413\/revisions"}],"predecessor-version":[{"id":35415,"href":"https:\/\/catolicanet.net\/wp-cnet\/wp-json\/wp\/v2\/posts\/35413\/revisions\/35415"}],"wp:featuredmedia":[{"embeddable":true,"href":"https:\/\/catolicanet.net\/wp-cnet\/wp-json\/wp\/v2\/media\/35414"}],"wp:attachment":[{"href":"https:\/\/catolicanet.net\/wp-cnet\/wp-json\/wp\/v2\/media?parent=35413"}],"wp:term":[{"taxonomy":"category","embeddable":true,"href":"https:\/\/catolicanet.net\/wp-cnet\/wp-json\/wp\/v2\/categories?post=35413"},{"taxonomy":"post_tag","embeddable":true,"href":"https:\/\/catolicanet.net\/wp-cnet\/wp-json\/wp\/v2\/tags?post=35413"}],"curies":[{"name":"wp","href":"https:\/\/api.w.org\/{rel}","templated":true}]}}