{"id":35407,"date":"2017-10-19T08:55:32","date_gmt":"2017-10-19T10:55:32","guid":{"rendered":"http:\/\/catolicanet.net\/wp-cnet\/?p=35407"},"modified":"2017-11-23T15:04:53","modified_gmt":"2017-11-23T17:04:53","slug":"papa-aos-metodistas-partilhar-o-caminho-rumo-a-plena-comunhao","status":"publish","type":"post","link":"https:\/\/catolicanet.net\/wp-cnet\/papa-aos-metodistas-partilhar-o-caminho-rumo-a-plena-comunhao\/","title":{"rendered":"Papa aos metodistas: partilhar o caminho rumo \u00e0 plena comunh\u00e3o"},"content":{"rendered":"<p>Cidade do Vaticano (RV) \u2013 Com a passagem do Livro do Lev\u00edtico em que o Senhor anuncia a Mois\u00e9s que o quinquag\u00e9simo ano prev\u00ea a liberta\u00e7\u00e3o dos escravos e uma refer\u00eancia ao Decreto\u00a0<a href=\"http:\/\/www.vatican.va\/archive\/hist_councils\/ii_vatican_council\/documents\/vat-ii_decree_19641121_unitatis-redintegratio_po.html\">Unitatis redintegratio<\/a>, do Conc\u00edlio Vaticano II, o Papa Francisco abriu o seu discurso \u00e0 delega\u00e7\u00e3o do Conselho Metodista Mundial, recebido em audi\u00eancia na manh\u00e3 desta quinta-feira no Vaticano.<\/p>\n<p>O encontro realizou-se por ocasi\u00e3o do 50\u00ba anivers\u00e1rio do in\u00edcio do di\u00e1logo teol\u00f3gico metodista-cat\u00f3lico, um caminho em que \u201csomos irm\u00e3os, que ap\u00f3s uma longa separa\u00e7\u00e3o, est\u00e3o felizes por reencontrarem-se e redescobrirem-se uns aos outros\u201d.<\/p>\n<p>\u201cOs outros familiares de Deus podem nos ajudar a nos aproximarmos ainda mais ao Senhor \u2013 prosseguiu o Papa, recordando o convite \u00e0 santidade do te\u00f3logo John Wesley, fundador do movimento protestante metodista \u2013 e estimular-nos a dar um testemunho mais fiel ao Evangelho\u201d.<\/p>\n<p>F\u00e9 tang\u00edvel que \u201cse concretiza no amor\u201d, e em particular, \u201cno servi\u00e7o aos pobres\u201d, como resposta ao antigo convite da Palavra: \u201cProclamem a liberta\u00e7\u00e3o para todos os moradores, para todos os habitantes do pa\u00eds\u201d.<\/p>\n<p>Trata-se do \u201cmesmo chamado \u00e0 santidade que, sendo chamado \u00e0 vida de comunh\u00e3o com Deus \u2013 enfatizou Francisco \u2013 \u00e9\u00a0 necessariamente chamado \u00e0 comunh\u00e3o com os outros\u201d.<\/p>\n<p>Neste sentido, a exorta\u00e7\u00e3o para \u201ccrescer em uma maior comunh\u00e3o\u201d, de prosseguir o caminho \u201ccom uma nova fase de di\u00e1logo que est\u00e1 por aproximar-se sobre o tema da reconcilia\u00e7\u00e3o\u201d, na certeza da a\u00e7\u00e3o do Esp\u00edrito de Deus que sempre cria novos carismas e \u201co milagre da unidade reconciliada\u201d.<\/p>\n<p>O dom da gra\u00e7a que \u201cdescobrimos uns nos outros\u201d, com o consequente enriquecimento rec\u00edproco e a consci\u00eancia de sermos \u201cirm\u00e3os e irm\u00e3s em Cristo\u201d, marcam aquele novo tempo \u2013 explica o Papa \u2013 para o qual devemos \u201cnos preparar, com esperan\u00e7a humilde e empenho concreto\u201d, ao \u201cpleno reconhecimento que ter\u00e1 lugar, com a ajuda de Deus, quando finalmente podermos nos reencontrar juntos na fra\u00e7\u00e3o do P\u00e3o\u201d.<\/p>\n<p>Ao concluir, o Papa Francisco convida todos a rezarem juntos o Pai Nosso, para que o Senhor conceda \u201co p\u00e3o de cada dia\u201d em sustento do novo caminho comum.<\/p>\n<p>&nbsp;<\/p>\n<p>Fonte: R\u00e1dio Vaticano<\/p>\n","protected":false},"excerpt":{"rendered":"<p>Cidade do Vaticano (RV) \u2013 Com a passagem do Livro do Lev\u00edtico em que o Senhor anuncia a Mois\u00e9s que o quinquag\u00e9simo ano prev\u00ea a liberta\u00e7\u00e3o dos escravos e uma refer\u00eancia ao Decreto\u00a0Unitatis redintegratio, do Conc\u00edlio Vaticano II, o Papa Francisco abriu o seu discurso \u00e0 delega\u00e7\u00e3o do Conselho Metodista Mundial, recebido em audi\u00eancia na [&hellip;]<\/p>\n","protected":false},"author":1,"featured_media":35408,"comment_status":"open","ping_status":"closed","sticky":false,"template":"","format":"standard","meta":{"footnotes":""},"categories":[3],"tags":[],"class_list":["post-35407","post","type-post","status-publish","format-standard","has-post-thumbnail","hentry","category-vaticano"],"_links":{"self":[{"href":"https:\/\/catolicanet.net\/wp-cnet\/wp-json\/wp\/v2\/posts\/35407","targetHints":{"allow":["GET"]}}],"collection":[{"href":"https:\/\/catolicanet.net\/wp-cnet\/wp-json\/wp\/v2\/posts"}],"about":[{"href":"https:\/\/catolicanet.net\/wp-cnet\/wp-json\/wp\/v2\/types\/post"}],"author":[{"embeddable":true,"href":"https:\/\/catolicanet.net\/wp-cnet\/wp-json\/wp\/v2\/users\/1"}],"replies":[{"embeddable":true,"href":"https:\/\/catolicanet.net\/wp-cnet\/wp-json\/wp\/v2\/comments?post=35407"}],"version-history":[{"count":1,"href":"https:\/\/catolicanet.net\/wp-cnet\/wp-json\/wp\/v2\/posts\/35407\/revisions"}],"predecessor-version":[{"id":35409,"href":"https:\/\/catolicanet.net\/wp-cnet\/wp-json\/wp\/v2\/posts\/35407\/revisions\/35409"}],"wp:featuredmedia":[{"embeddable":true,"href":"https:\/\/catolicanet.net\/wp-cnet\/wp-json\/wp\/v2\/media\/35408"}],"wp:attachment":[{"href":"https:\/\/catolicanet.net\/wp-cnet\/wp-json\/wp\/v2\/media?parent=35407"}],"wp:term":[{"taxonomy":"category","embeddable":true,"href":"https:\/\/catolicanet.net\/wp-cnet\/wp-json\/wp\/v2\/categories?post=35407"},{"taxonomy":"post_tag","embeddable":true,"href":"https:\/\/catolicanet.net\/wp-cnet\/wp-json\/wp\/v2\/tags?post=35407"}],"curies":[{"name":"wp","href":"https:\/\/api.w.org\/{rel}","templated":true}]}}