{"id":35404,"date":"2017-10-19T07:40:05","date_gmt":"2017-10-19T09:40:05","guid":{"rendered":"http:\/\/catolicanet.net\/wp-cnet\/?p=35404"},"modified":"2017-11-23T15:00:42","modified_gmt":"2017-11-23T17:00:42","slug":"papa-e-imprescindivel-no-combate-a-fome-afirma-diretor-da-fao","status":"publish","type":"post","link":"https:\/\/catolicanet.net\/wp-cnet\/papa-e-imprescindivel-no-combate-a-fome-afirma-diretor-da-fao\/","title":{"rendered":"Papa \u00e9 imprescind\u00edvel no combate \u00e0 fome, afirma Diretor da FAO"},"content":{"rendered":"<p>Cidade do Vaticano (RV) \u2013 \u201cO Papa Francisco \u00e9 imprescind\u00edvel no combate \u00e0 fome\u201d: palavras do Diretor-Geral da Organiza\u00e7\u00e3o das Na\u00e7\u00f5es Unidas para a Alimenta\u00e7\u00e3o e Agricultura (FAO), Dr. Jos\u00e9 Graziano da Silva.<\/p>\n<p>&nbsp;<\/p>\n<p><a href=\"https:\/\/www.youtube.com\/watch?v=Er8QgyWptCs\">Clique aqui para ouvir:<\/a><\/p>\n<p>&nbsp;<\/p>\n<p>O brasileiro est\u00e1 em seu segundo e \u00faltimo mandato \u00e0 frente da institui\u00e7\u00e3o e foi o anfitri\u00e3o do Pont\u00edfice pela segunda vez na segunda-feira, 16 de outubro, por ocasi\u00e3o do Dia Mundial da Alimenta\u00e7\u00e3o.<\/p>\n<p>Em entrevista exclusiva \u00e0 R\u00e1dio Vaticano, Graziano define o Papa \u201cum interlocutor muito especial\u201d: \u201cO mundo n\u00e3o pode ser s\u00f3 de guerra, de desgra\u00e7a. O mundo tem que ter um lugar onde haja uma oportunidade para as pessoas viverem dignamente. E a Agenda das Na\u00e7\u00f5es Unidas, a Agenda 2030, \u00e9 exatamente isso, \u00e9 hol\u00edstica, esta esperan\u00e7a de encontrar um desenvolvimento sustent\u00e1vel para todos. A Agenda diz claramente: n\u00e3o deixar ningu\u00e9m para tr\u00e1s. Esta \u00e9 a mensagem que o Papa representa\u201d.<\/p>\n<p>Graziano comenta ainda o encontro bilateral que antecedeu o discurso de Francisco, em que o Diretor-Geral da FAO pediu que o Papa envie uma mensagem especial aos l\u00edderes africanos, por ocasi\u00e3o da reuni\u00e3o de c\u00fapula que realizar\u00e3o no final de janeiro. \u201cEstamos perdendo o jogo na \u00c1frica. Agora estamos indo para o segundo tempo e temos uma chance de recuperar.\u201d Para o brasileiro, o combate \u00e0 fome no continente \u00e9 fundamental para reverter a tend\u00eancia crescente dos fluxos migrat\u00f3rios.<\/p>\n<p>&nbsp;<\/p>\n<p><a href=\"http:\/\/media02.radiovaticana.va\/audio\/audio2\/mp3\/00599705.mp3\">Clique aqui para ouvir:<\/a><\/p>\n<p>&nbsp;<\/p>\n<p>Fonte: R\u00e1dio Vaticano<\/p>\n","protected":false},"excerpt":{"rendered":"<p>Cidade do Vaticano (RV) \u2013 \u201cO Papa Francisco \u00e9 imprescind\u00edvel no combate \u00e0 fome\u201d: palavras do Diretor-Geral da Organiza\u00e7\u00e3o das Na\u00e7\u00f5es Unidas para a Alimenta\u00e7\u00e3o e Agricultura (FAO), Dr. Jos\u00e9 Graziano da Silva. &nbsp; Clique aqui para ouvir: &nbsp; O brasileiro est\u00e1 em seu segundo e \u00faltimo mandato \u00e0 frente da institui\u00e7\u00e3o e foi o [&hellip;]<\/p>\n","protected":false},"author":1,"featured_media":35405,"comment_status":"open","ping_status":"closed","sticky":false,"template":"","format":"standard","meta":{"footnotes":""},"categories":[3],"tags":[],"class_list":["post-35404","post","type-post","status-publish","format-standard","has-post-thumbnail","hentry","category-vaticano"],"_links":{"self":[{"href":"https:\/\/catolicanet.net\/wp-cnet\/wp-json\/wp\/v2\/posts\/35404","targetHints":{"allow":["GET"]}}],"collection":[{"href":"https:\/\/catolicanet.net\/wp-cnet\/wp-json\/wp\/v2\/posts"}],"about":[{"href":"https:\/\/catolicanet.net\/wp-cnet\/wp-json\/wp\/v2\/types\/post"}],"author":[{"embeddable":true,"href":"https:\/\/catolicanet.net\/wp-cnet\/wp-json\/wp\/v2\/users\/1"}],"replies":[{"embeddable":true,"href":"https:\/\/catolicanet.net\/wp-cnet\/wp-json\/wp\/v2\/comments?post=35404"}],"version-history":[{"count":1,"href":"https:\/\/catolicanet.net\/wp-cnet\/wp-json\/wp\/v2\/posts\/35404\/revisions"}],"predecessor-version":[{"id":35406,"href":"https:\/\/catolicanet.net\/wp-cnet\/wp-json\/wp\/v2\/posts\/35404\/revisions\/35406"}],"wp:featuredmedia":[{"embeddable":true,"href":"https:\/\/catolicanet.net\/wp-cnet\/wp-json\/wp\/v2\/media\/35405"}],"wp:attachment":[{"href":"https:\/\/catolicanet.net\/wp-cnet\/wp-json\/wp\/v2\/media?parent=35404"}],"wp:term":[{"taxonomy":"category","embeddable":true,"href":"https:\/\/catolicanet.net\/wp-cnet\/wp-json\/wp\/v2\/categories?post=35404"},{"taxonomy":"post_tag","embeddable":true,"href":"https:\/\/catolicanet.net\/wp-cnet\/wp-json\/wp\/v2\/tags?post=35404"}],"curies":[{"name":"wp","href":"https:\/\/api.w.org\/{rel}","templated":true}]}}