{"id":3540,"date":"2013-11-28T11:53:37","date_gmt":"2013-11-28T13:53:37","guid":{"rendered":"http:\/\/catolicanet.net\/wp-cnet\/coalizao-democratica-promove-marcha-em-brasilia-em-prol-da-reforma-politica\/"},"modified":"2017-03-24T12:49:59","modified_gmt":"2017-03-24T15:49:59","slug":"coalizao-democratica-promove-marcha-em-brasilia-em-prol-da-reforma-politica","status":"publish","type":"post","link":"https:\/\/catolicanet.net\/wp-cnet\/coalizao-democratica-promove-marcha-em-brasilia-em-prol-da-reforma-politica\/","title":{"rendered":"Coaliz\u00e3o Democr\u00e1tica promove marcha em Bras\u00edlia em prol da Reforma Pol\u00edtica"},"content":{"rendered":"<p style=\"text-align: justify;\"><img loading=\"lazy\" decoding=\"async\" src=\"http:\/\/catolicanet.com.br\/images\/stories\/reformapoltica.jpg\" border=\"0\" width=\"213\" height=\"159\" align=\"left\" \/>O arcebispo de Aparecida (SP) e presidente da CNBB, cardeal Raymundo Damasceno Assis, e o bispo auxiliar de Belo Horizonte (MG) e presidente da Comiss\u00e3o de Acompanhamento da Reforma Pol\u00edtica, dom Joaquim Mol, participaram da marcha em defesa da Reforma Pol\u00edtica Democr\u00e1tica e Elei\u00e7\u00f5es Limpas, realizada no final da tarde desta quarta-feira, 27 de novembro, em Bras\u00edlia (DF). O evento foi o marco do \u201cDia Nacional de Coleta de Assinaturas\u201d e reuniu representantes de aproximadamente 60 entidades da sociedade civil que apoiam o projeto de lei de iniciativa popular.<\/p>\n<p><img loading=\"lazy\" decoding=\"async\" src=\"http:\/\/catolicanet.com.br\/images\/stories\/reformapoltica12.jpg\" border=\"0\" width=\"192\" height=\"257\" align=\"left\" \/>A a\u00e7\u00e3o, promovida pela Coaliz\u00e3o Democr\u00e1tica pela Reforma Pol\u00edtica e Elei\u00e7\u00f5es Limpas, foi coordenada pela CNBB, Ordem dos Advogados do Brasil (OAB), Movimento de Combate \u00e0 Corrup\u00e7\u00e3o Eleitoral (MCCE) e Plataforma dos movimentos sociais pela reforma do sistema pol\u00edtico. \u201cEstamos lutando por verdadeira reforma pol\u00edtica, por elei\u00e7\u00f5es limpas, para o bem maior de nosso pa\u00eds e de nosso povo\u201d, declarou cardeal Damasceno no palco montado na Rodovi\u00e1ria de Bras\u00edlia.<\/p>\n<p>A marcha foi liderada pelo presidente da OAB, Marcus Vin\u00edcius Furtado Coelho, que avaliou a manifesta\u00e7\u00e3o como o primeiro passo de uma caminhada longa, mas necess\u00e1ria para o pa\u00eds, que \u00e9 a coleta de assinaturas dos cidad\u00e3os para o projeto de lei de iniciativa popular. \u201cA proposta visa uma reforma pol\u00edtica democr\u00e1tica para o Brasil. Essa \u00e9 uma luta que tem objetivo de dizer um sim \u00e0 democracia, que de fato expresse a vontade da popula\u00e7\u00e3o\u201d, ressaltou Marcus Vinicius.<\/p>\n<p>Tamb\u00e9m discursaram durante o ato p\u00fablico o presidente da Comiss\u00e3o de Acompanhamento da Reforma Pol\u00edtica da CNBB, dom Joaquim Mol; o secret\u00e1rio-geral da Comiss\u00e3o Especial de Mobiliza\u00e7\u00e3o para a Reforma Pol\u00edtica da OAB, Aldo Arantes; o membro da Comiss\u00e3o Brasileira da Justi\u00e7a e Paz, Marcelo Laven\u00e9re; a presidente da Uni\u00e3o Nacional dos Estudantes (UNE), Virginia Barros; o presidente da Central dos Trabalhadores e Trabalhadoras do Brasil (CTB), Adilson Ara\u00fajo, al\u00e9m de alguns parlamentares e outras autoridades.<\/p>\n<p>Diversas pessoas que passavam pela Rodovi\u00e1ria de Bras\u00edlia assinaram o projeto de lei. Entretanto, a coleta de assinaturas est\u00e1 sendo realizada em todo pa\u00eds. O objetivo dos organizadores \u00e9 entregar o projeto \u00e0 C\u00e2mara dos Deputados, ainda em 2014. Para isso, s\u00e3o necess\u00e1rias aproximadamente 1,5 milh\u00e3o de assinaturas.<\/p>\n<p>Para conhecer o projeto de lei e saber como participar do abaixo assinado, acesse www.reformapoliticademocratica.com.br<\/p>\n<p style=\"text-align: justify;\"><strong><br \/><\/strong><\/p>\n<p style=\"text-align: justify;\"><strong>Local: Bras\u00edlia (DF)<br \/>Fonte: CNBB<\/strong><\/p>\n","protected":false},"excerpt":{"rendered":"<p>O arcebispo de Aparecida (SP) e presidente da CNBB, cardeal Raymundo Damasceno Assis, e o bispo auxiliar de Belo Horizonte (MG) e presidente da Comiss\u00e3o de Acompanhamento da Reforma Pol\u00edtica, dom Joaquim Mol, participaram da marcha em defesa da Reforma Pol\u00edtica Democr\u00e1tica e Elei\u00e7\u00f5es Limpas, realizada no final da tarde desta quarta-feira, 27 de novembro, [&hellip;]<\/p>\n","protected":false},"author":1,"featured_media":0,"comment_status":"closed","ping_status":"closed","sticky":false,"template":"","format":"standard","meta":{"footnotes":""},"categories":[7],"tags":[],"class_list":["post-3540","post","type-post","status-publish","format-standard","hentry","category-cnbb"],"_links":{"self":[{"href":"https:\/\/catolicanet.net\/wp-cnet\/wp-json\/wp\/v2\/posts\/3540","targetHints":{"allow":["GET"]}}],"collection":[{"href":"https:\/\/catolicanet.net\/wp-cnet\/wp-json\/wp\/v2\/posts"}],"about":[{"href":"https:\/\/catolicanet.net\/wp-cnet\/wp-json\/wp\/v2\/types\/post"}],"author":[{"embeddable":true,"href":"https:\/\/catolicanet.net\/wp-cnet\/wp-json\/wp\/v2\/users\/1"}],"replies":[{"embeddable":true,"href":"https:\/\/catolicanet.net\/wp-cnet\/wp-json\/wp\/v2\/comments?post=3540"}],"version-history":[{"count":1,"href":"https:\/\/catolicanet.net\/wp-cnet\/wp-json\/wp\/v2\/posts\/3540\/revisions"}],"predecessor-version":[{"id":7793,"href":"https:\/\/catolicanet.net\/wp-cnet\/wp-json\/wp\/v2\/posts\/3540\/revisions\/7793"}],"wp:attachment":[{"href":"https:\/\/catolicanet.net\/wp-cnet\/wp-json\/wp\/v2\/media?parent=3540"}],"wp:term":[{"taxonomy":"category","embeddable":true,"href":"https:\/\/catolicanet.net\/wp-cnet\/wp-json\/wp\/v2\/categories?post=3540"},{"taxonomy":"post_tag","embeddable":true,"href":"https:\/\/catolicanet.net\/wp-cnet\/wp-json\/wp\/v2\/tags?post=3540"}],"curies":[{"name":"wp","href":"https:\/\/api.w.org\/{rel}","templated":true}]}}