{"id":35398,"date":"2017-10-18T20:21:36","date_gmt":"2017-10-18T22:21:36","guid":{"rendered":"http:\/\/catolicanet.net\/wp-cnet\/?p=35398"},"modified":"2017-11-23T14:50:30","modified_gmt":"2017-11-23T16:50:30","slug":"sacerdote-assinala-os-desafios-das-filipinas-depois-que-marawi-foi-libertada-do-isis","status":"publish","type":"post","link":"https:\/\/catolicanet.net\/wp-cnet\/sacerdote-assinala-os-desafios-das-filipinas-depois-que-marawi-foi-libertada-do-isis\/","title":{"rendered":"Sacerdote assinala os desafios das Filipinas depois que Marawi foi libertada do ISIS"},"content":{"rendered":"<p>Roma, 18 Out. 17 \/ 05:00 pm (ACI).- Depois que o presidente filipino Rodrigo Duterte anunciou que Marawi foi libertada das m\u00e3os do Estado Isl\u00e2mico (ISIS), o Pe. El\u00edsio Mercado, mission\u00e1rio dos Oblatos de Maria Imaculada, assinalou que agora come\u00e7a a batalha para contrapor o di\u00e1logo ao radicalismo mu\u00e7ulmano e o respeito e a constru\u00e7\u00e3o da paz ao extremismo violento.<\/p>\n<p>\u201cAgora come\u00e7a uma luta de ideias. O extremismo violento contra o respeito e a constru\u00e7\u00e3o da paz e do bem comum; o radicalismo isl\u00e2mico contra o di\u00e1logo, a conviv\u00eancia e a inclus\u00e3o\u201d, expressou o sacerdote que trabalha na Universidade Cat\u00f3lica de Notre Dame, na cidade de Cotabato.<\/p>\n<p>\u201cEstamos felizes por Marawi, que agora est\u00e1 em escombros, mas ser\u00e1 reconstru\u00edda. Mas em outras cidades de Mindanao, como Zamboanga, Cotabato, Iligan, poderia acontecer novamente um ato terrorista\u201d, assinalou.<\/p>\n<p>Nesse sentido, indicou que \u201choje, o desafio \u00e9 cortar o incentivo e a efic\u00e1cia da sua narra\u00e7\u00e3o e isso apenas \u00e9 poss\u00edvel atrav\u00e9s da concretiza\u00e7\u00e3o da ideia de incluir plenamente a comunidade isl\u00e2mica na sociedade filipina, tirando-a da marginaliza\u00e7\u00e3o e da pobreza\u201d.<\/p>\n<p>Na ter\u00e7a-feira, Duterte anunciou a liberta\u00e7\u00e3o de Marawi das m\u00e3os do ISIS, ap\u00f3s aproximadamente cinco meses de lutas contra os grupos terroristas Abu Sayyaf e Maute, que juraram lealdade ao grupo terrorista; entretanto, ainda \u00e9 necess\u00e1rio que o ex\u00e9rcito controle o \u00faltimo basti\u00e3o onde est\u00e3o os fundamentalistas isl\u00e2micos.<\/p>\n<p>Em 23 de maio deste ano, os terroristas isl\u00e2micos atacaram Marawi, cidade de maioria mu\u00e7ulmana localizada na ilha de Mindanao, no sul das Filipinas, pa\u00eds de maioria cat\u00f3lica. Nesse dia, tomaram e incendiaram a Catedral, al\u00e9m disso, fizeram ref\u00e9ns o Pe. Teresito \u201cChito\u201d Sunganob e v\u00e1rios fi\u00e9is.<\/p>\n<p>Em 16 de setembro, o ex\u00e9rcito filipino conseguiu libertar o sacerdote. Oito dias depois, o Pe. Sunganob celebrou a sua primeira Missa, depois de cinco meses de cativeiro.<\/p>\n<p>Fonte: Acidigital<\/p>\n","protected":false},"excerpt":{"rendered":"<p>Roma, 18 Out. 17 \/ 05:00 pm (ACI).- Depois que o presidente filipino Rodrigo Duterte anunciou que Marawi foi libertada das m\u00e3os do Estado Isl\u00e2mico (ISIS), o Pe. El\u00edsio Mercado, mission\u00e1rio dos Oblatos de Maria Imaculada, assinalou que agora come\u00e7a a batalha para contrapor o di\u00e1logo ao radicalismo mu\u00e7ulmano e o respeito e a constru\u00e7\u00e3o [&hellip;]<\/p>\n","protected":false},"author":1,"featured_media":35399,"comment_status":"open","ping_status":"closed","sticky":false,"template":"","format":"standard","meta":{"footnotes":""},"categories":[4],"tags":[],"class_list":["post-35398","post","type-post","status-publish","format-standard","has-post-thumbnail","hentry","category-cotidiano"],"_links":{"self":[{"href":"https:\/\/catolicanet.net\/wp-cnet\/wp-json\/wp\/v2\/posts\/35398","targetHints":{"allow":["GET"]}}],"collection":[{"href":"https:\/\/catolicanet.net\/wp-cnet\/wp-json\/wp\/v2\/posts"}],"about":[{"href":"https:\/\/catolicanet.net\/wp-cnet\/wp-json\/wp\/v2\/types\/post"}],"author":[{"embeddable":true,"href":"https:\/\/catolicanet.net\/wp-cnet\/wp-json\/wp\/v2\/users\/1"}],"replies":[{"embeddable":true,"href":"https:\/\/catolicanet.net\/wp-cnet\/wp-json\/wp\/v2\/comments?post=35398"}],"version-history":[{"count":1,"href":"https:\/\/catolicanet.net\/wp-cnet\/wp-json\/wp\/v2\/posts\/35398\/revisions"}],"predecessor-version":[{"id":35400,"href":"https:\/\/catolicanet.net\/wp-cnet\/wp-json\/wp\/v2\/posts\/35398\/revisions\/35400"}],"wp:featuredmedia":[{"embeddable":true,"href":"https:\/\/catolicanet.net\/wp-cnet\/wp-json\/wp\/v2\/media\/35399"}],"wp:attachment":[{"href":"https:\/\/catolicanet.net\/wp-cnet\/wp-json\/wp\/v2\/media?parent=35398"}],"wp:term":[{"taxonomy":"category","embeddable":true,"href":"https:\/\/catolicanet.net\/wp-cnet\/wp-json\/wp\/v2\/categories?post=35398"},{"taxonomy":"post_tag","embeddable":true,"href":"https:\/\/catolicanet.net\/wp-cnet\/wp-json\/wp\/v2\/tags?post=35398"}],"curies":[{"name":"wp","href":"https:\/\/api.w.org\/{rel}","templated":true}]}}