{"id":35389,"date":"2017-10-18T19:44:48","date_gmt":"2017-10-18T21:44:48","guid":{"rendered":"http:\/\/catolicanet.net\/wp-cnet\/?p=35389"},"modified":"2017-11-23T14:41:12","modified_gmt":"2017-11-23T16:41:12","slug":"excelencia-e-eficacia-da-liturgia","status":"publish","type":"post","link":"https:\/\/catolicanet.net\/wp-cnet\/excelencia-e-eficacia-da-liturgia\/","title":{"rendered":"Excel\u00eancia e efic\u00e1cia da Liturgia"},"content":{"rendered":"<p>Cidade do Vaticano (RV) \u2013 No nosso espa\u00e7o Mem\u00f3ria Hist\u00f3rica \u2013 50 anos do Conc\u00edlio Vaticano II, vamos continuar a tratar no programa de hoje sobre a renova\u00e7\u00e3o lit\u00fargica trazida pelo Conc\u00edlio.<\/p>\n<p><a href=\"http:\/\/media02.radiovaticana.va\/audio\/audio2\/mp3\/00598677.mp3\">Clique aqui para ouvir:<\/a>d<\/p>\n<p>&nbsp;<\/p>\n<p>No\u00a0<a href=\"http:\/\/br.radiovaticana.va\/news\/2017\/09\/27\/presen%C3%A7as_de_cristo_na_liturgia_da_igreja\/1339228\">programa passado<\/a>, Padre Gerson Schmidt nos trouxe em sua reflex\u00e3o as cinco maneiras de Cristo estar presente na celebra\u00e7\u00e3o eucar\u00edstica: pelo ministro que celebra, nas esp\u00e9cies eucar\u00edsticas, nos sacramentos, na Palavra e na comunidade de amor.<\/p>\n<p>Na edi\u00e7\u00e3o de hoje deste nosso espa\u00e7o, o sacerdote incardinado na Arquidiocese de Porto Alegre nos fala sobre \u201cExcel\u00eancia e efic\u00e1cia da Liturgia\u201d:<\/p>\n<p>\u201cComentamos anteriormente as presen\u00e7as de Cristo na liturgia, na a\u00e7\u00e3o eucar\u00edstica, comentando a Constitui\u00e7\u00e3o Sacrossanctum Concilium, sobre a renova\u00e7\u00e3o da Liturgia, em seu n\u00famero 7.\u00a0 Neste n\u00famero fala de 5 presen\u00e7as de Cristo na liturgia, em especial na Santa Missa: Presente Cristo na liturgia pelo ministro que celebra, presente na esp\u00e9cies eucaristias, no sacramento como tal, na sua palavra e na comunidade de dois ou mais reunidos em seu nome. Arriscamos ainda em afirmar aqui, nesse espa\u00e7o, uma sexta presen\u00e7a de Cristo pelo amor vivido, constru\u00eddo, celebrado. Onde est\u00e1 o amor, ali est\u00e1 Deus.<\/p>\n<p>Na segunda parte desse n\u00famero 07 da Sacrossanctum Concilium h\u00e1 algo importante que gostar\u00edamos aqui de destacar. Diz assim o documento conciliar da renova\u00e7\u00e3o lit\u00fargica:<\/p>\n<p>\u201cCom raz\u00e3o, portanto, a liturgia \u00e9 considerada como exerc\u00edcio da fun\u00e7\u00e3o sacerdotal de Cristo. Ela simboliza atrav\u00e9s de sinais sens\u00edveis e realiza em modo pr\u00f3prio a cada um a santifica\u00e7\u00e3o dos homens; nela o corpo m\u00edstico de Jesus Cristo, cabe\u00e7a e membros, presta a Deus o culto p\u00fablico integral. Por isso, toda celebra\u00e7\u00e3o lit\u00fargica, como obra de Cristo sacerdote e do seu corpo, que \u00e9 a Igreja, \u00e9 uma a\u00e7\u00e3o sagrada por excel\u00eancia, cuja efic\u00e1cia nenhuma outra a\u00e7\u00e3o da Igreja iguala, sob o mesmo t\u00edtulo e grau\u201d (SC, 07).<\/p>\n<p>Em outras palavras: A liturgia, como exerc\u00edcio da fun\u00e7\u00e3o sacerdotal de Cristo cabe\u00e7a realiza, em modo pr\u00f3prio a cada um, a santifica\u00e7\u00e3o dos homens, membros do Corpo M\u00edstico. Diz mais nessa declara\u00e7\u00e3o conciliar: que n\u00e3o existe outra a\u00e7\u00e3o da Igreja mais eficaz e sagrada do que a Santa Missa. Palavras textuais do SC: \u201c\u00e9 uma a\u00e7\u00e3o sagrada por excel\u00eancia\u201d. \u00c9 o ponto de converg\u00eancia de toda a a\u00e7\u00e3o da Igreja.<\/p>\n<p>A Eucaristia \u00e9 cume e \u00e1pice de toda a obra da Igreja, de toda a a\u00e7\u00e3o pastoral, de toda a obra de evangeliza\u00e7\u00e3o. \u00c9 o que vemos claramente descrito, um pouco mais adiante, no n\u00famero 10 da SC: \u201cContudo, a Liturgia \u00e9 o cimo \u2013 o cume para o qual se dirige a a\u00e7\u00e3o da Igreja e, ao mesmo tempo, a fonte donde emana toda a sua for\u00e7a.<\/p>\n<p>Na verdade, o trabalho apost\u00f3lico ordena-se a conseguir que todos os que se tornaram filhos de Deus pela f\u00e9 e pelo batismo, se re\u00fanam em assembleia, louvem a Deus na Igreja, participem no sacrif\u00edcio e comam a Ceia do Senhor\u201d(SC,10).\u00a0 E completa esse mesmo n\u00famero assim: \u201cDa liturgia, portanto, e particularmente da eucaristia, como de uma fonte, corre sobre n\u00f3s a gra\u00e7a, e por meio dela conseguem os homens com total efic\u00e1cia a santifica\u00e7\u00e3o em Cristo e a glorifica\u00e7\u00e3o de Deus, a que se ordenam como a seu fim todas as outras obras da Igreja\u201d.<\/p>\n<p>Tudo emana, converge e se impulsiona por meio da Eucaristia. \u201cA missa \u00e9 um ato divino em volta do qual gravita a vida da Igreja, e de que \u00e9 a irradia\u00e7\u00e3o: o Centro onde ela recebe todos os impulsos e para o qual ela tende sem cessar; a nascente viva de onde ela emana e o oceano onde regressa. \u00c9 sacrif\u00edcio de Reden\u00e7\u00e3o, simultaneamente eterno e perpetuado no tempo, no C\u00e9u diante de Deus, na terra entre n\u00f3s\u00b9\u201d .<\/p>\n<p>\u00b9 JEAN DU CEUR DE JESUS D\u2019ELB\u00c9E, Confiar no amor &#8211; Retiro de Vida Interior, tradu\u00e7\u00e3o Maria da Soledade, Livraria apostolado da Imprensa,\u00a0 Porto, p. 178-179.<\/p>\n<p>&nbsp;<\/p>\n<p>Fonte: R\u00e1dio Vaticano<\/p>\n","protected":false},"excerpt":{"rendered":"<p>Cidade do Vaticano (RV) \u2013 No nosso espa\u00e7o Mem\u00f3ria Hist\u00f3rica \u2013 50 anos do Conc\u00edlio Vaticano II, vamos continuar a tratar no programa de hoje sobre a renova\u00e7\u00e3o lit\u00fargica trazida pelo Conc\u00edlio. Clique aqui para ouvir:d &nbsp; No\u00a0programa passado, Padre Gerson Schmidt nos trouxe em sua reflex\u00e3o as cinco maneiras de Cristo estar presente na [&hellip;]<\/p>\n","protected":false},"author":1,"featured_media":35390,"comment_status":"open","ping_status":"closed","sticky":false,"template":"","format":"standard","meta":{"footnotes":""},"categories":[3],"tags":[],"class_list":["post-35389","post","type-post","status-publish","format-standard","has-post-thumbnail","hentry","category-vaticano"],"_links":{"self":[{"href":"https:\/\/catolicanet.net\/wp-cnet\/wp-json\/wp\/v2\/posts\/35389","targetHints":{"allow":["GET"]}}],"collection":[{"href":"https:\/\/catolicanet.net\/wp-cnet\/wp-json\/wp\/v2\/posts"}],"about":[{"href":"https:\/\/catolicanet.net\/wp-cnet\/wp-json\/wp\/v2\/types\/post"}],"author":[{"embeddable":true,"href":"https:\/\/catolicanet.net\/wp-cnet\/wp-json\/wp\/v2\/users\/1"}],"replies":[{"embeddable":true,"href":"https:\/\/catolicanet.net\/wp-cnet\/wp-json\/wp\/v2\/comments?post=35389"}],"version-history":[{"count":1,"href":"https:\/\/catolicanet.net\/wp-cnet\/wp-json\/wp\/v2\/posts\/35389\/revisions"}],"predecessor-version":[{"id":35391,"href":"https:\/\/catolicanet.net\/wp-cnet\/wp-json\/wp\/v2\/posts\/35389\/revisions\/35391"}],"wp:featuredmedia":[{"embeddable":true,"href":"https:\/\/catolicanet.net\/wp-cnet\/wp-json\/wp\/v2\/media\/35390"}],"wp:attachment":[{"href":"https:\/\/catolicanet.net\/wp-cnet\/wp-json\/wp\/v2\/media?parent=35389"}],"wp:term":[{"taxonomy":"category","embeddable":true,"href":"https:\/\/catolicanet.net\/wp-cnet\/wp-json\/wp\/v2\/categories?post=35389"},{"taxonomy":"post_tag","embeddable":true,"href":"https:\/\/catolicanet.net\/wp-cnet\/wp-json\/wp\/v2\/tags?post=35389"}],"curies":[{"name":"wp","href":"https:\/\/api.w.org\/{rel}","templated":true}]}}