{"id":35386,"date":"2017-10-18T19:24:59","date_gmt":"2017-10-18T21:24:59","guid":{"rendered":"http:\/\/catolicanet.net\/wp-cnet\/?p=35386"},"modified":"2017-11-23T14:38:25","modified_gmt":"2017-11-23T16:38:25","slug":"papa-na-audiencia-diante-da-morte-conservar-a-chama-da-fe","status":"publish","type":"post","link":"https:\/\/catolicanet.net\/wp-cnet\/papa-na-audiencia-diante-da-morte-conservar-a-chama-da-fe\/","title":{"rendered":"Papa na audi\u00eancia: &#8220;Diante da morte, conservar a chama da f\u00e9&#8221;"},"content":{"rendered":"<p>Cidade do Vaticano (RV) \u2013 Na audi\u00eancia geral desta quarta-feira (18\/10), o Papa Francisco deu continuidade ao ciclo de catequeses que vem fazendo sobre a esperan\u00e7a crist\u00e3, refletindo sobre o tema \u2018Felizes os mortos que morrem no Senhor\u2019.<\/p>\n<p>Cerca de 30 mil pessoas participaram do encontro na Pra\u00e7a S\u00e3o Pedro. Deficientes visuais, enfermos e muitos peregrinos idosos vieram de v\u00e1rias cidades da It\u00e1lia, tomando parte do \u2018Dia dos av\u00f3s\u2019.<\/p>\n<p>&nbsp;<\/p>\n<p><a href=\"http:\/\/media02.radiovaticana.va\/audio\/audio2\/mp3\/00599584.mp3\">Clique aqui para ouvir:<\/a><\/p>\n<p>&nbsp;<\/p>\n<p><a href=\"https:\/\/www.youtube.com\/watch?v=RN0CN0zOiAQ\">Clique aqui para assistir o v\u00eddeo:<\/a><\/p>\n<p>&nbsp;<\/p>\n<p>O Papa saudou especialmente os grupos vindos do Brasil, em particular os fi\u00e9is da arquidiocese de Natal com o bispo, Dom Jaime, e os da arquidiocese de Londrina, convidando todos a permanecer fi\u00e9is a Cristo Jesus, como os Protom\u00e1rtires do Brasil.<\/p>\n<p>\u201cO Esp\u00edrito Santo vos ilumine para poderdes levar a B\u00ean\u00e7\u00e3o de Deus a todos os homens. A Virgem M\u00e3e vele sobre o vosso caminho e vos proteja\u201d.<\/p>\n<p>\u201cHoje eu gostaria de fazer uma rela\u00e7\u00e3o entre a esperan\u00e7a crist\u00e3 e a realidade da morte, uma realidade que a nossa civiliza\u00e7\u00e3o moderna tende cada vez mais a cancelar. Assim, quando chega a morte de algu\u00e9m que nos \u00e9 querido, ou a nossa pr\u00f3pria morte, nos encontramos despreparados\u201d, disse o Papa, iniciando a catequese.<\/p>\n<p>Francisco mencionou o trecho do Evangelho de Jo\u00e3o, quando a Marta, que chora pela morte de seu irm\u00e3o L\u00e1zaro, Jesus assegura: \u201cTeu irm\u00e3o ressuscitar\u00e1, pois quem cr\u00ea em Mim, mesmo que tenha morrido, viver\u00e1\u201d. \u201cEu n\u00e3o sou a morte; Eu sou a ressurrei\u00e7\u00e3o e a vida. Cr\u00eas nisto?\u201d \u2013 pergunta ele a Marta.<\/p>\n<p>O Papa lembrou que Jesus faz a mesma pergunta a cada um de n\u00f3s, sempre que a morte dilacera o tecido da vida e dos afetos. Com a morte, a nossa exist\u00eancia toca o \u00e1pice, tendo diante de n\u00f3s a vertente da f\u00e9 ou o precip\u00edcio do nada.<\/p>\n<p>A filha de Jairo e a dor do pai<\/p>\n<p>O desafio que ent\u00e3o nos lan\u00e7a Jesus \u00e9 continuar a crer. Assim fez Ele com Jairo, a quem acabam de comunicar que a sua filha morreu, n\u00e3o h\u00e1 mais nada a fazer&#8230; de que serve incomodar o Mestre?! Jesus ouve e apressa-se a tranquilizar Jairo: \u201cN\u00e3o tenhas receio; cr\u00ea somente!\u201d.<\/p>\n<p>O Senhor sabe que aquele pai \u00e9 tentado a deixar-se cair na ang\u00fastia e no desespero, e recomenda-lhe que conserve acesa a chamazinha que arde no seu cora\u00e7\u00e3o: a f\u00e9.<\/p>\n<p>\u201cN\u00e3o tenhas medo! Continua a manter acesa a chama da f\u00e9!\u201d E valeu? Sim; Jesus, chegando na casa dele, ressuscita a menina e entrega-a viva aos pais. No caso de L\u00e1zaro, ressuscita-o quatro dias depois de ele ter morrido; j\u00e1 estava sepultado. E Jesus manda-o sair do t\u00famulo\u201d.<\/p>\n<p>Concluindo, o Papa afirmou que a esperan\u00e7a crist\u00e3 se apoia e se alimenta desta posi\u00e7\u00e3o que Jesus assume contra a morte. Por n\u00f3s, nada podemos; ficamos indefesos perante o mist\u00e9rio da morte.<\/p>\n<p>\u201cN\u00e3o tenhas receio \u2013 diz-nos Jesus \u2013; cr\u00ea somente!\u201d. A gra\u00e7a de que necessitamos naquele momento \u2013 uma gra\u00e7a imensa! \u2013 \u00e9 conservar acesa no cora\u00e7\u00e3o a chama da f\u00e9. Porque Jesus h\u00e1 de vir, tomar-nos-\u00e1 pela m\u00e3o, como fez com a filha de Jairo, e ordenar-nos-\u00e1: \u201cLevanta-te, ressuscita\u201d.<\/p>\n<p>&nbsp;<\/p>\n<p>Fonte: R\u00e1dio Vaticano<\/p>\n","protected":false},"excerpt":{"rendered":"<p>Cidade do Vaticano (RV) \u2013 Na audi\u00eancia geral desta quarta-feira (18\/10), o Papa Francisco deu continuidade ao ciclo de catequeses que vem fazendo sobre a esperan\u00e7a crist\u00e3, refletindo sobre o tema \u2018Felizes os mortos que morrem no Senhor\u2019. Cerca de 30 mil pessoas participaram do encontro na Pra\u00e7a S\u00e3o Pedro. Deficientes visuais, enfermos e muitos [&hellip;]<\/p>\n","protected":false},"author":1,"featured_media":35387,"comment_status":"open","ping_status":"closed","sticky":false,"template":"","format":"standard","meta":{"footnotes":""},"categories":[3],"tags":[],"class_list":["post-35386","post","type-post","status-publish","format-standard","has-post-thumbnail","hentry","category-vaticano"],"_links":{"self":[{"href":"https:\/\/catolicanet.net\/wp-cnet\/wp-json\/wp\/v2\/posts\/35386","targetHints":{"allow":["GET"]}}],"collection":[{"href":"https:\/\/catolicanet.net\/wp-cnet\/wp-json\/wp\/v2\/posts"}],"about":[{"href":"https:\/\/catolicanet.net\/wp-cnet\/wp-json\/wp\/v2\/types\/post"}],"author":[{"embeddable":true,"href":"https:\/\/catolicanet.net\/wp-cnet\/wp-json\/wp\/v2\/users\/1"}],"replies":[{"embeddable":true,"href":"https:\/\/catolicanet.net\/wp-cnet\/wp-json\/wp\/v2\/comments?post=35386"}],"version-history":[{"count":1,"href":"https:\/\/catolicanet.net\/wp-cnet\/wp-json\/wp\/v2\/posts\/35386\/revisions"}],"predecessor-version":[{"id":35388,"href":"https:\/\/catolicanet.net\/wp-cnet\/wp-json\/wp\/v2\/posts\/35386\/revisions\/35388"}],"wp:featuredmedia":[{"embeddable":true,"href":"https:\/\/catolicanet.net\/wp-cnet\/wp-json\/wp\/v2\/media\/35387"}],"wp:attachment":[{"href":"https:\/\/catolicanet.net\/wp-cnet\/wp-json\/wp\/v2\/media?parent=35386"}],"wp:term":[{"taxonomy":"category","embeddable":true,"href":"https:\/\/catolicanet.net\/wp-cnet\/wp-json\/wp\/v2\/categories?post=35386"},{"taxonomy":"post_tag","embeddable":true,"href":"https:\/\/catolicanet.net\/wp-cnet\/wp-json\/wp\/v2\/tags?post=35386"}],"curies":[{"name":"wp","href":"https:\/\/api.w.org\/{rel}","templated":true}]}}