{"id":3535,"date":"2013-11-26T03:00:00","date_gmt":"2013-11-26T05:00:00","guid":{"rendered":"http:\/\/catolicanet.net\/wp-cnet\/congresso-missionario-americano-ao-vivo-pela-internet\/"},"modified":"2017-03-23T17:05:49","modified_gmt":"2017-03-23T20:05:49","slug":"congresso-missionario-americano-ao-vivo-pela-internet","status":"publish","type":"post","link":"https:\/\/catolicanet.net\/wp-cnet\/congresso-missionario-americano-ao-vivo-pela-internet\/","title":{"rendered":"Congresso Mission\u00e1rio Americano ao vivo pela Internet"},"content":{"rendered":"<p style=\"text-align: justify;\"><img decoding=\"async\" src=\"http:\/\/catolicanet.com.br\/images\/stories\/cam.jpg\" border=\"0\" align=\"left\" \/>Delega\u00e7\u00f5es de todos os pa\u00edses do Continente j\u00e1 est\u00e3o na cidade de Maracaibo, prov\u00edncia de Zulia para participarem do 4\u00ba Congresso Americano Mission\u00e1rio (CAM 4 \u2013 Comla 9). Os internautas de todo o mundo poder\u00e3o acompanhar ao vivo os principais momentos da intensa programa\u00e7\u00e3o do vento.<span style=\"font-size: small;\"><a href=\"http:\/\/www.lorini.tv\/urbecam.html\" target=\"_blank\">Assista aqui a celebra\u00e7\u00e3o de abertura a partir das 19h30min<\/a> <\/span> (hor\u00e1rio do Brasil).<\/p>\n<p>Uma solene celebra\u00e7\u00e3o presidida pelo Enviado especial do papa Francisco, o cardeal Fernando Filoni, Prefeito da Congrega\u00e7\u00e3o para a Evangeliza\u00e7\u00e3o dos Povos, na Bas\u00edlica de Nossa Senhora de Chinquinquir\u00e1, inaugura esta tarde \u00e0s 17h00 local (19h30 no hor\u00e1rio do Brasil) as atividades do Congresso.<\/p>\n<p><img decoding=\"async\" src=\"http:\/\/catolicanet.com.br\/images\/stories\/credencialcam.jpg\" border=\"0\" align=\"left\" \/>O CAM 4 \u2013 Comla 9 pretende reunir mais de 4.000 participantes que est\u00e3o sendo recebidos por volunt\u00e1rios e hospedados pelas fam\u00edlias da cidade. As par\u00f3quias e col\u00e9gios est\u00e3o mobilizados para dar conta de toda a log\u00edstica.<\/p>\n<p>A programa\u00e7\u00e3o inclui quatro grandes confer\u00eancias sobre os desafios da Miss\u00e3o num mundo secularizado e pluricultural e outros 22 f\u00f3runs aprofundar\u00e3o temas espec\u00edficos. Al\u00e9m disso, contribuir\u00e1 para a troca de experi\u00eancias, testemunhos, celebra\u00e7\u00f5es e miss\u00f5es em todas as par\u00f3quias da cidade, com a presen\u00e7a dos participantes do Congresso. O encerramento solene na Bas\u00edlica de Nossa Senhora de Chinquinquir\u00e1 com o envio mission\u00e1rio ser\u00e1 no s\u00e1bado, dia 30, \u00e0s 17h00.<\/p>\n<p>O Brasil participa do Congresso com 135 pessoas representantes dos 18 Regionais da CNBB e organismos mission\u00e1rios.<\/p>\n<p align=\"justify\"><span style=\"font-size: small;\"><a href=\"http:\/\/www.youtube.com\/watch?v=dy0OzW1sTGw\" target=\"_blank\">Aprenda o Hino oficial do CAM 4  &#8211; Comla 9<\/a><\/span><\/p>\n<p><span style=\"font-size: small;\"> <\/span><\/p>\n<p align=\"justify\"><span style=\"font-size: small;\"><a href=\"http:\/\/pom.org.br\/index.php?option=com_content&#038;view=article&#038;id=2230:cam4&#038;catid=84:cam4comla9\" target=\"_blank\">Confira aqui todas as  informa\u00e7\u00f5es sobre o CAM 4 \u2013 Comla 9<\/a><\/span><\/p>\n<p style=\"text-align: justify;\"><strong>Hist\u00f3rico<\/strong><\/p>\n<p>Promovido pelas Pontif\u00edcias Obras Mission\u00e1rias (POM) em colabora\u00e7\u00e3o com a arquidiocese de Maracaibo e a Confer\u00eancia Episcopal da Venezuela, o evento continental \u00e9 \u00faltimo de uma longa s\u00e9rie de etapas que marcam o caminho mission\u00e1rio da Igreja na Am\u00e9rica Latina. Os Congressos Mission\u00e1rios da Am\u00e9rica Latina (Comla) de fato nasceram em 1977, com os Congressos Mission\u00e1rios Nacionais do M\u00e9xico, depois levados a todo o continente americano (Congresso Mission\u00e1rio Americano CAM), de acordo com esta ordem: 1977 Comla 1, Torre\u00f3n (M\u00e9xico); 1983 Comla 2, Tlaxcala (M\u00e9xico); 1987 Comla 3, Bogot\u00e1 (Col\u00f4mbia); 1991 Comla 4, Lima (Peru); 1995 Comla 5, Belo Horizonte (Brasil); 1999 CAM 1 &#8211; Comla 6, Paran\u00e1 (Argentina); 2003 CAM 2 &#8211; Comla 7, Cidade da Guatemala (Guatemala); 2008 CAM 3 &#8211; Comla 8, Quito (Equador).<\/p>\n<p style=\"text-align: justify;\">\u00a0<\/p>\n<p style=\"text-align: justify;\"><strong>Local: <span style=\"font-size: small;\">Venezuela<\/span><br \/>Fonte: POM (Pontif\u00edcias Obras Mission\u00e1rias)<\/strong><\/p>\n","protected":false},"excerpt":{"rendered":"<p>Delega\u00e7\u00f5es de todos os pa\u00edses do Continente j\u00e1 est\u00e3o na cidade de Maracaibo, prov\u00edncia de Zulia para participarem do 4\u00ba Congresso Americano Mission\u00e1rio (CAM 4 \u2013 Comla 9). Os internautas de todo o mundo poder\u00e3o acompanhar ao vivo os principais momentos da intensa programa\u00e7\u00e3o do vento.Assista aqui a celebra\u00e7\u00e3o de abertura a partir das 19h30min [&hellip;]<\/p>\n","protected":false},"author":1,"featured_media":0,"comment_status":"closed","ping_status":"closed","sticky":false,"template":"","format":"standard","meta":{"footnotes":""},"categories":[4],"tags":[],"class_list":["post-3535","post","type-post","status-publish","format-standard","hentry","category-cotidiano"],"_links":{"self":[{"href":"https:\/\/catolicanet.net\/wp-cnet\/wp-json\/wp\/v2\/posts\/3535","targetHints":{"allow":["GET"]}}],"collection":[{"href":"https:\/\/catolicanet.net\/wp-cnet\/wp-json\/wp\/v2\/posts"}],"about":[{"href":"https:\/\/catolicanet.net\/wp-cnet\/wp-json\/wp\/v2\/types\/post"}],"author":[{"embeddable":true,"href":"https:\/\/catolicanet.net\/wp-cnet\/wp-json\/wp\/v2\/users\/1"}],"replies":[{"embeddable":true,"href":"https:\/\/catolicanet.net\/wp-cnet\/wp-json\/wp\/v2\/comments?post=3535"}],"version-history":[{"count":1,"href":"https:\/\/catolicanet.net\/wp-cnet\/wp-json\/wp\/v2\/posts\/3535\/revisions"}],"predecessor-version":[{"id":7821,"href":"https:\/\/catolicanet.net\/wp-cnet\/wp-json\/wp\/v2\/posts\/3535\/revisions\/7821"}],"wp:attachment":[{"href":"https:\/\/catolicanet.net\/wp-cnet\/wp-json\/wp\/v2\/media?parent=3535"}],"wp:term":[{"taxonomy":"category","embeddable":true,"href":"https:\/\/catolicanet.net\/wp-cnet\/wp-json\/wp\/v2\/categories?post=3535"},{"taxonomy":"post_tag","embeddable":true,"href":"https:\/\/catolicanet.net\/wp-cnet\/wp-json\/wp\/v2\/tags?post=3535"}],"curies":[{"name":"wp","href":"https:\/\/api.w.org\/{rel}","templated":true}]}}