{"id":35341,"date":"2017-10-17T11:46:07","date_gmt":"2017-10-17T13:46:07","guid":{"rendered":"http:\/\/catolicanet.net\/wp-cnet\/?p=35341"},"modified":"2017-11-23T14:14:15","modified_gmt":"2017-11-23T16:14:15","slug":"papa-ressalta-800-anos-da-aventura-extraordinaria-dos-franciscanos-na-terra-santa","status":"publish","type":"post","link":"https:\/\/catolicanet.net\/wp-cnet\/papa-ressalta-800-anos-da-aventura-extraordinaria-dos-franciscanos-na-terra-santa\/","title":{"rendered":"Papa ressalta 800 anos da \u201caventura extraordin\u00e1ria\u201d dos franciscanos na Terra Santa"},"content":{"rendered":"<p>Cidade do Vaticano (RV) \u2013 O Papa Francisco enviou uma mensagem aos franciscanos, que est\u00e3o celebrando 800 anos de presen\u00e7a na Terra Santa.<\/p>\n<p>Para a ocasi\u00e3o, a Cust\u00f3dia organizou in\u00fameras iniciativas religiosas, pastorais e culturais para fazer mem\u00f3ria do Cap\u00edtulo realizado em 1217, quando S\u00e3o Francisco abriu a Ordem \u00e0 dimens\u00e3o \u201cmission\u00e1ria e universal\u201d, enviando os seus frades a todas as na\u00e7\u00f5es como testemunhas de f\u00e9, de fraternidade e de paz.<\/p>\n<p>\u201cEste alargamento do horizonte de evangeliza\u00e7\u00e3o foi o in\u00edcio de uma aventura extraordin\u00e1ria, que levou oito s\u00e9culos atr\u00e1s os primeiros frades menores a desembarcarem em Acri\u201d, escreve o Papa.<\/p>\n<p>Ass\u00edduos na contempla\u00e7\u00e3o e na ora\u00e7\u00e3o, simples e pobres, prosseguiu Francisco, os franciscanos est\u00e3o empenhados tamb\u00e9m no presente em viver na Terra Santa ao lado de irm\u00e3os de diferentes culturas, etnias e religi\u00f5es, semeando paz, fraternidade e respeito. \u201cN\u00e3o quero esquecer, al\u00e9m da cust\u00f3dia e da anima\u00e7\u00e3o dos Santu\u00e1rios, o seu empenho a servi\u00e7o da comunidade eclesial local\u201d, ressalta o Papa, encorajando os franciscanos a perseveraram neste trabalhado a favor sobretudo dos mais pobres, dos jovens, idosos e enfermos, \u201cvivendo concretamente no cotidiano as obras de miseric\u00f3rdia\u201d.<\/p>\n<p>O Papa renovou o mandato pontif\u00edcio, unindo-se assim aos seus predecessores, a partir de Clemente VI, que com a Bula Gratias agimus confiou aos franciscanos a cust\u00f3dia dos Lugares Santos.<\/p>\n<p>Francisco conclui sua carta citando o Santo de Assis, que exorta os irm\u00e3os pelo mundo \u201ca n\u00e3o brigar e evitar as disputas de palavras; a n\u00e3o julgar os outros, mas a ser mansos, pac\u00edficos e modestos, falando honestamente com todos\u201d.<\/p>\n<p>Entrevista<\/p>\n<p>O Programa Brasileiro preparou uma s\u00e9rie de reportagens para contar a hist\u00f3ria da presen\u00e7a franciscana na Terra Santa. O reitor e cust\u00f3dio da Bas\u00edlica da Anuncia\u00e7\u00e3o, em Nazar\u00e9, Fr. Bruno Varriano, narra a chegada dos primeiros frades e o contexto religioso e pol\u00edtico que permitiu esta presen\u00e7a. De modo especial, o frade brasileiro faz mem\u00f3ria da viagem que o Santo de Assis realizou para dialogar com o Sult\u00e3o Al-Malik al-Kamil, na \u00e9poca das cruzadas.<\/p>\n<p>&nbsp;<\/p>\n<p><a href=\"http:\/\/media02.radiovaticana.va\/audio\/audio2\/mp3\/00599469.mp3\">Clique aqui para ouvir:<\/a><\/p>\n<p>&nbsp;<\/p>\n<p>Fonte: R\u00e1dio Vaticano<\/p>\n","protected":false},"excerpt":{"rendered":"<p>Cidade do Vaticano (RV) \u2013 O Papa Francisco enviou uma mensagem aos franciscanos, que est\u00e3o celebrando 800 anos de presen\u00e7a na Terra Santa. Para a ocasi\u00e3o, a Cust\u00f3dia organizou in\u00fameras iniciativas religiosas, pastorais e culturais para fazer mem\u00f3ria do Cap\u00edtulo realizado em 1217, quando S\u00e3o Francisco abriu a Ordem \u00e0 dimens\u00e3o \u201cmission\u00e1ria e universal\u201d, enviando [&hellip;]<\/p>\n","protected":false},"author":1,"featured_media":35342,"comment_status":"open","ping_status":"closed","sticky":false,"template":"","format":"standard","meta":{"footnotes":""},"categories":[3],"tags":[],"class_list":["post-35341","post","type-post","status-publish","format-standard","has-post-thumbnail","hentry","category-vaticano"],"_links":{"self":[{"href":"https:\/\/catolicanet.net\/wp-cnet\/wp-json\/wp\/v2\/posts\/35341","targetHints":{"allow":["GET"]}}],"collection":[{"href":"https:\/\/catolicanet.net\/wp-cnet\/wp-json\/wp\/v2\/posts"}],"about":[{"href":"https:\/\/catolicanet.net\/wp-cnet\/wp-json\/wp\/v2\/types\/post"}],"author":[{"embeddable":true,"href":"https:\/\/catolicanet.net\/wp-cnet\/wp-json\/wp\/v2\/users\/1"}],"replies":[{"embeddable":true,"href":"https:\/\/catolicanet.net\/wp-cnet\/wp-json\/wp\/v2\/comments?post=35341"}],"version-history":[{"count":1,"href":"https:\/\/catolicanet.net\/wp-cnet\/wp-json\/wp\/v2\/posts\/35341\/revisions"}],"predecessor-version":[{"id":35343,"href":"https:\/\/catolicanet.net\/wp-cnet\/wp-json\/wp\/v2\/posts\/35341\/revisions\/35343"}],"wp:featuredmedia":[{"embeddable":true,"href":"https:\/\/catolicanet.net\/wp-cnet\/wp-json\/wp\/v2\/media\/35342"}],"wp:attachment":[{"href":"https:\/\/catolicanet.net\/wp-cnet\/wp-json\/wp\/v2\/media?parent=35341"}],"wp:term":[{"taxonomy":"category","embeddable":true,"href":"https:\/\/catolicanet.net\/wp-cnet\/wp-json\/wp\/v2\/categories?post=35341"},{"taxonomy":"post_tag","embeddable":true,"href":"https:\/\/catolicanet.net\/wp-cnet\/wp-json\/wp\/v2\/tags?post=35341"}],"curies":[{"name":"wp","href":"https:\/\/api.w.org\/{rel}","templated":true}]}}