{"id":3531,"date":"2013-11-27T11:58:03","date_gmt":"2013-11-27T13:58:03","guid":{"rendered":"http:\/\/catolicanet.net\/wp-cnet\/caritas-qampliar-terapia-anti-aids-em-paises-pobresq\/"},"modified":"2017-03-23T16:58:10","modified_gmt":"2017-03-23T19:58:10","slug":"caritas-qampliar-terapia-anti-aids-em-paises-pobresq","status":"publish","type":"post","link":"https:\/\/catolicanet.net\/wp-cnet\/caritas-qampliar-terapia-anti-aids-em-paises-pobresq\/","title":{"rendered":"Caritas: &#8220;Ampliar terapia anti-Aids em pa\u00edses pobres&#8221;"},"content":{"rendered":"<p style=\"text-align: justify;\"><img decoding=\"async\" src=\"http:\/\/catolicanet.com.br\/images\/stories\/criancasentadanomuro.jpg\" border=\"0\" align=\"left\" \/>A poucos dias do Dia Mundial que se celebra a cada ano em 1\u00ba de dezembro, o combate \u00e0 AIDS ainda n\u00e3o terminou; ao contr\u00e1rio, \u201calguns doadores internacionais come\u00e7aram a reduzir as ajudas a programas de tratamento, alegando outras prioridades\u201d, como \u201ca crise econ\u00f4mica mundial\u201d. \u00c9 o que afirma o Cardeal Oscar Andr\u00e9s Rodriguez Maradiaga, Presidente da Caritas Internacional.<\/p>\n<p>O arcebispo de Tegucigalpa recorda a a\u00e7\u00e3o direta do organismo eclesial em 116 pa\u00edses do mundo e a inten\u00e7\u00e3o da comunidade internacional: \u201czero novas infec\u00e7\u00f5es; zero discrimina\u00e7\u00e3o; zero mortes de AIDS\u201d.<\/p>\n<p>O objetivo \u201czero mortes de AIDS\u201d, escreve o Cardeal Maradiaga, \u201cpode ser alcan\u00e7ado com a preven\u00e7\u00e3o e o tratamento precoce das infec\u00e7\u00f5es de HIV\u201d, tema ao qual a Caritas \u00e9 muito ativa, gra\u00e7as \u00e0 campanha \u201cHaart para crian\u00e7as\u201d. \u201cNestes \u00faltimos anos \u2013 afirma \u2013 muitos progressos foram feitos para ampliar a terapia a 10 milh\u00f5es de pessoas nos pa\u00edses mais pobres, mas n\u00e3o foi suficiente: outros 18 milh\u00f5es de pacientes ainda precisam deste tratamento antiretroviral\u201d.<\/p>\n<p>J\u00e1 o objetivo \u201czero novas infec\u00e7\u00f5es\u201d, explica, \u201cpode ser alcan\u00e7ado somente com rela\u00e7\u00f5es interpessoais respons\u00e1veis, comportamentos pessoais conscientes e evitando o recurso a medicamentos n\u00e3o prescritos por m\u00e9dicos\u201d.<\/p>\n<p style=\"text-align: justify;\">\u00a0<\/p>\n<p style=\"text-align: justify;\"><strong>Local: Cidade do Vaticano<br \/>Fonte: R\u00e1dio Vaticano<\/strong><\/p>\n","protected":false},"excerpt":{"rendered":"<p>A poucos dias do Dia Mundial que se celebra a cada ano em 1\u00ba de dezembro, o combate \u00e0 AIDS ainda n\u00e3o terminou; ao contr\u00e1rio, \u201calguns doadores internacionais come\u00e7aram a reduzir as ajudas a programas de tratamento, alegando outras prioridades\u201d, como \u201ca crise econ\u00f4mica mundial\u201d. \u00c9 o que afirma o Cardeal Oscar Andr\u00e9s Rodriguez Maradiaga, [&hellip;]<\/p>\n","protected":false},"author":1,"featured_media":0,"comment_status":"closed","ping_status":"closed","sticky":false,"template":"","format":"standard","meta":{"footnotes":""},"categories":[3],"tags":[],"class_list":["post-3531","post","type-post","status-publish","format-standard","hentry","category-vaticano"],"_links":{"self":[{"href":"https:\/\/catolicanet.net\/wp-cnet\/wp-json\/wp\/v2\/posts\/3531","targetHints":{"allow":["GET"]}}],"collection":[{"href":"https:\/\/catolicanet.net\/wp-cnet\/wp-json\/wp\/v2\/posts"}],"about":[{"href":"https:\/\/catolicanet.net\/wp-cnet\/wp-json\/wp\/v2\/types\/post"}],"author":[{"embeddable":true,"href":"https:\/\/catolicanet.net\/wp-cnet\/wp-json\/wp\/v2\/users\/1"}],"replies":[{"embeddable":true,"href":"https:\/\/catolicanet.net\/wp-cnet\/wp-json\/wp\/v2\/comments?post=3531"}],"version-history":[{"count":1,"href":"https:\/\/catolicanet.net\/wp-cnet\/wp-json\/wp\/v2\/posts\/3531\/revisions"}],"predecessor-version":[{"id":7803,"href":"https:\/\/catolicanet.net\/wp-cnet\/wp-json\/wp\/v2\/posts\/3531\/revisions\/7803"}],"wp:attachment":[{"href":"https:\/\/catolicanet.net\/wp-cnet\/wp-json\/wp\/v2\/media?parent=3531"}],"wp:term":[{"taxonomy":"category","embeddable":true,"href":"https:\/\/catolicanet.net\/wp-cnet\/wp-json\/wp\/v2\/categories?post=3531"},{"taxonomy":"post_tag","embeddable":true,"href":"https:\/\/catolicanet.net\/wp-cnet\/wp-json\/wp\/v2\/tags?post=3531"}],"curies":[{"name":"wp","href":"https:\/\/api.w.org\/{rel}","templated":true}]}}