{"id":3530,"date":"2013-11-27T11:46:53","date_gmt":"2013-11-27T13:46:53","guid":{"rendered":"http:\/\/catolicanet.net\/wp-cnet\/presidencia-da-cnbb-atende-a-imprensa-nesta-quarta-feira\/"},"modified":"2017-03-23T16:58:21","modified_gmt":"2017-03-23T19:58:21","slug":"presidencia-da-cnbb-atende-a-imprensa-nesta-quarta-feira","status":"publish","type":"post","link":"https:\/\/catolicanet.net\/wp-cnet\/presidencia-da-cnbb-atende-a-imprensa-nesta-quarta-feira\/","title":{"rendered":"Presid\u00eancia da CNBB atende \u00e0 imprensa nesta quarta-feira"},"content":{"rendered":"<p style=\"text-align: justify;\"><img decoding=\"async\" src=\"http:\/\/catolicanet.com.br\/images\/stories\/logocnbb.jpg\" border=\"0\" align=\"left\" \/>A Confer\u00eancia Nacional dos Bispos do Brasil \u2013 CNBB convida a imprensa para participar nesta quarta-feira, dia 27 de novembro, \u00e0s 14 horas, em sua sede, em Bras\u00edlia, da entrevista coletiva que marca o encerramento da reuni\u00e3o do Conselho Episcopal Pastoral (Consep). Participam deste Conselho a Presid\u00eancia da CNBB e os presidentes das doze comiss\u00f5es episcopais de pastoral da entidade. <\/p>\n<p>Durante a coletiva, os bispos apresentar\u00e3o uma avalia\u00e7\u00e3o das atividades da Igreja no Brasil em 2013, marcado por grandes eventos como a visita do Papa Francisco e a Jornada Mundial da Juventude, ocorrida em julho, no Rio de Janeiro, e o Primeiro Encontro da Igreja Cat\u00f3lica na Amaz\u00f4nia Legal, realizado em Manaus, no \u00faltimo m\u00eas de outubro.<\/p>\n<p>Tamb\u00e9m est\u00e1 em pauta o Dia Nacional de Coleta de Assinaturas para o Projeto de Lei de Iniciativa Popular pela Reforma Pol\u00edtica Democr\u00e1tica e Elei\u00e7\u00f5es Limpas. O ato de coleta de assinaturas acontece nesta quarta-feira, \u00e0s 16h, com concentra\u00e7\u00e3o no Museu da Rep\u00fablica, seguida de marcha at\u00e9 a Rodovi\u00e1ria do Plano Piloto. Acompanhar\u00e3o o evento o arcebispo de Aparecida e presidente da CNBB, cardeal Damasceno Assis e o bispo auxiliar de Belo Horizonte (MG) e o presidente da Comiss\u00e3o para o Acompanhamento da Reforma Pol\u00edtica, dom Joaquim Mol.<\/p>\n<p>O projeto de lei \u00e9 uma iniciativa da Coaliza\u00e7\u00e3o Democr\u00e1tica pela Reforma Pol\u00edtica e Elei\u00e7\u00f5es Limpas, da qual fazem parte a CNBB, a Ordem dos Advogados do Brasil, a Comiss\u00e3o Brasileira Justi\u00e7a e Paz, o Conselho Nacional de Igrejas Crist\u00e3s, entre outras dezenas de entidades.<\/p>\n<p style=\"text-align: justify;\"><strong>Servi\u00e7o:<br \/>Presid\u00eancia da CNBB atende \u00e0 imprensa nesta quarta-feira<\/strong><\/p>\n<p><strong>Presen\u00e7as:<\/p>\n<p>Cardeal Raymundo Damasceno Assis<\/strong>, arcebispo de Aparecida (SP) e presidente da CNBB<\/p>\n<p><strong>Dom Jos\u00e9 Belis\u00e1rio<\/strong>, arcebispo de S\u00e3o Lu\u00eds (MA) e vice-presidente da CNBB<\/p>\n<p><strong>Dom Leonardo Ulrich Steiner<\/strong>, bispo auxiliar de Bras\u00edlia e secret\u00e1rio geral da CNBB<\/p>\n<p><strong>Data e Hora: 27 de novembro<\/strong>, \u00e0s 14 horas, na sede da entidade, em Bras\u00edlia (DF)<\/p>\n<p style=\"text-align: justify;\">\u00a0<\/p>\n<p style=\"text-align: justify;\"><strong>Local: Bras\u00edlia (DF)<br \/>Fonte: CNBB<\/strong><\/p>\n","protected":false},"excerpt":{"rendered":"<p>A Confer\u00eancia Nacional dos Bispos do Brasil \u2013 CNBB convida a imprensa para participar nesta quarta-feira, dia 27 de novembro, \u00e0s 14 horas, em sua sede, em Bras\u00edlia, da entrevista coletiva que marca o encerramento da reuni\u00e3o do Conselho Episcopal Pastoral (Consep). Participam deste Conselho a Presid\u00eancia da CNBB e os presidentes das doze comiss\u00f5es [&hellip;]<\/p>\n","protected":false},"author":1,"featured_media":0,"comment_status":"closed","ping_status":"closed","sticky":false,"template":"","format":"standard","meta":{"footnotes":""},"categories":[7],"tags":[],"class_list":["post-3530","post","type-post","status-publish","format-standard","hentry","category-cnbb"],"_links":{"self":[{"href":"https:\/\/catolicanet.net\/wp-cnet\/wp-json\/wp\/v2\/posts\/3530","targetHints":{"allow":["GET"]}}],"collection":[{"href":"https:\/\/catolicanet.net\/wp-cnet\/wp-json\/wp\/v2\/posts"}],"about":[{"href":"https:\/\/catolicanet.net\/wp-cnet\/wp-json\/wp\/v2\/types\/post"}],"author":[{"embeddable":true,"href":"https:\/\/catolicanet.net\/wp-cnet\/wp-json\/wp\/v2\/users\/1"}],"replies":[{"embeddable":true,"href":"https:\/\/catolicanet.net\/wp-cnet\/wp-json\/wp\/v2\/comments?post=3530"}],"version-history":[{"count":1,"href":"https:\/\/catolicanet.net\/wp-cnet\/wp-json\/wp\/v2\/posts\/3530\/revisions"}],"predecessor-version":[{"id":7804,"href":"https:\/\/catolicanet.net\/wp-cnet\/wp-json\/wp\/v2\/posts\/3530\/revisions\/7804"}],"wp:attachment":[{"href":"https:\/\/catolicanet.net\/wp-cnet\/wp-json\/wp\/v2\/media?parent=3530"}],"wp:term":[{"taxonomy":"category","embeddable":true,"href":"https:\/\/catolicanet.net\/wp-cnet\/wp-json\/wp\/v2\/categories?post=3530"},{"taxonomy":"post_tag","embeddable":true,"href":"https:\/\/catolicanet.net\/wp-cnet\/wp-json\/wp\/v2\/tags?post=3530"}],"curies":[{"name":"wp","href":"https:\/\/api.w.org\/{rel}","templated":true}]}}