{"id":35290,"date":"2017-10-13T10:23:50","date_gmt":"2017-10-13T13:23:50","guid":{"rendered":"http:\/\/catolicanet.net\/wp-cnet\/?p=35290"},"modified":"2017-11-23T13:23:24","modified_gmt":"2017-11-23T15:23:24","slug":"como-lidar-com-o-bombardeio-de-informacoes-nas-midias-sociais","status":"publish","type":"post","link":"https:\/\/catolicanet.net\/wp-cnet\/como-lidar-com-o-bombardeio-de-informacoes-nas-midias-sociais\/","title":{"rendered":"Como lidar com o bombardeio de informa\u00e7\u00f5es nas m\u00eddias sociais?"},"content":{"rendered":"<p>Dores de cabe\u00e7a, estresse e mau humor, que aparecem de forma repentina, podem estar associados a essa realidade informacional<\/p>\n<p>Tenho escutado, com frequ\u00eancia, amigos e parentes dizerem que \u201cest\u00e3o dando um tempo para as redes sociais\u201d. Cansaram de administrar a vida real mais a virtual. Cansaram de consumir conte\u00fados de maneira fren\u00e9tica e n\u00e3o saber o que fazer com eles.<\/p>\n<p>N\u00e3o percebemos o quanto estamos rodeados por informa\u00e7\u00f5es a todo minuto. As atualiza\u00e7\u00f5es n\u00e3o param no celular com e-mails, alertas de voz, imagens, ao mesmo tempo em que desempenhamos as tarefas cotidianas como trabalhar, dirigir, estudar. Como o nosso c\u00e9rebro aguenta? Estamos cegos com tanto conte\u00fado! Em vez de nos ajudar, ficamos perdidos, at\u00f4nitos.<\/p>\n<p>Perdemos a concentra\u00e7\u00e3o, a mem\u00f3ria e o foco. Estamos numa camada superficial com pouca interpreta\u00e7\u00e3o. Vivemos ansiosos, com h\u00e1bitos imediatistas, sem paci\u00eancia para esperar por um segundo. Dados recentes mostram que 88% dos brasileiros assistem a TV e navegam na internet ao mesmo tempo, segundo o Ibope. O smartphone \u00e9 o dispositivo mais usado (65%), seguido pelo computador (28%) e pelo tablet (8%).<\/p>\n<p>Quantas vezes nos sentimos ignorados durante uma conversa, porque perdemos a disputa para o celular? Quem \u00e9 mais importante: a pessoa a sua frente ou algu\u00e9m que lhe chama a quil\u00f4metros de dist\u00e2ncia? Consequ\u00eancias da vida moderna. At\u00e9 voltar ao assunto que estava sendo falado, j\u00e1 se perdeu muita coisa.<\/p>\n<p>E pensar que nossos pais e av\u00f3s sobreviveram sem essa enxurrada de palavras e n\u00f3s nos sentimos culpados de n\u00e3o conseguirmos nos adequar a essa vida! Novos tempos\u2026 Dores de cabe\u00e7a, estresse, mau humor que aparecem, de forma repentina, podem estar associados a essa realidade informacional. O mais contradit\u00f3rio \u00e9 que dever\u00edamos nos alegrar, comemorar pela dissemina\u00e7\u00e3o da informa\u00e7\u00e3o, pelo fato de a tecnologia nos permitir romper barreiras f\u00edsicas e temporais; mas ao contr\u00e1rio, ca\u00edmos num buraco escuro e com terras sendo jogadas em nossas cabe\u00e7as.<br \/>\nO que guardar e o que descartar?<\/p>\n<p>H\u00e1 quem se aproveita disso, tentando nos cegar ainda mais. Como estrat\u00e9gia, essas informa\u00e7\u00f5es excessivas s\u00e3o usadas para desviar a aten\u00e7\u00e3o do que realmente importa, de assuntos que poderiam estar sendo discutidos de modo democr\u00e1tico em nossa sociedade. Banalizam para esconder o que de fato faz a diferen\u00e7a.<\/p>\n<p>Diante das variadas op\u00e7\u00f5es, o que guardar e o que descartar? A quantidade de not\u00edcias falsas, que s\u00e3o divulgadas diariamente na Internet obriga o cidad\u00e3o a ter de saber diferenciar a mentira da verdade. O estilo jornal\u00edstico \u00e9 copiado, por\u00e9m, sem a m\u00ednima responsabilidade e compromisso, gerando uma confus\u00e3o na cabe\u00e7a de quem l\u00ea, j\u00e1 que os envolvidos s\u00e3o personalidades pol\u00edticas, cantores entre outros.<\/p>\n<p>Cabe a n\u00f3s tentar estabelecer uma escala de prioridades para n\u00e3o perder tempo com bobagens, deixando-nos afetar de forma negativa. Analisar, respirar e seguir pode ser uma alternativa. Rumo \u00e0 pr\u00e1tica!<\/p>\n<p>&nbsp;<\/p>\n<p>Fonte: Aleteia<\/p>\n","protected":false},"excerpt":{"rendered":"<p>Dores de cabe\u00e7a, estresse e mau humor, que aparecem de forma repentina, podem estar associados a essa realidade informacional Tenho escutado, com frequ\u00eancia, amigos e parentes dizerem que \u201cest\u00e3o dando um tempo para as redes sociais\u201d. Cansaram de administrar a vida real mais a virtual. Cansaram de consumir conte\u00fados de maneira fren\u00e9tica e n\u00e3o saber [&hellip;]<\/p>\n","protected":false},"author":1,"featured_media":35291,"comment_status":"open","ping_status":"closed","sticky":false,"template":"","format":"standard","meta":{"footnotes":""},"categories":[4],"tags":[],"class_list":["post-35290","post","type-post","status-publish","format-standard","has-post-thumbnail","hentry","category-cotidiano"],"_links":{"self":[{"href":"https:\/\/catolicanet.net\/wp-cnet\/wp-json\/wp\/v2\/posts\/35290","targetHints":{"allow":["GET"]}}],"collection":[{"href":"https:\/\/catolicanet.net\/wp-cnet\/wp-json\/wp\/v2\/posts"}],"about":[{"href":"https:\/\/catolicanet.net\/wp-cnet\/wp-json\/wp\/v2\/types\/post"}],"author":[{"embeddable":true,"href":"https:\/\/catolicanet.net\/wp-cnet\/wp-json\/wp\/v2\/users\/1"}],"replies":[{"embeddable":true,"href":"https:\/\/catolicanet.net\/wp-cnet\/wp-json\/wp\/v2\/comments?post=35290"}],"version-history":[{"count":1,"href":"https:\/\/catolicanet.net\/wp-cnet\/wp-json\/wp\/v2\/posts\/35290\/revisions"}],"predecessor-version":[{"id":35292,"href":"https:\/\/catolicanet.net\/wp-cnet\/wp-json\/wp\/v2\/posts\/35290\/revisions\/35292"}],"wp:featuredmedia":[{"embeddable":true,"href":"https:\/\/catolicanet.net\/wp-cnet\/wp-json\/wp\/v2\/media\/35291"}],"wp:attachment":[{"href":"https:\/\/catolicanet.net\/wp-cnet\/wp-json\/wp\/v2\/media?parent=35290"}],"wp:term":[{"taxonomy":"category","embeddable":true,"href":"https:\/\/catolicanet.net\/wp-cnet\/wp-json\/wp\/v2\/categories?post=35290"},{"taxonomy":"post_tag","embeddable":true,"href":"https:\/\/catolicanet.net\/wp-cnet\/wp-json\/wp\/v2\/tags?post=35290"}],"curies":[{"name":"wp","href":"https:\/\/api.w.org\/{rel}","templated":true}]}}