{"id":35269,"date":"2017-10-13T09:38:00","date_gmt":"2017-10-13T12:38:00","guid":{"rendered":"http:\/\/catolicanet.net\/wp-cnet\/?p=35269"},"modified":"2017-11-23T10:29:30","modified_gmt":"2017-11-23T12:29:30","slug":"protomartires-do-brasil-serao-canonizados-neste-domingo-pelo-papa-francisco-na-basilica-de-sao-pedro","status":"publish","type":"post","link":"https:\/\/catolicanet.net\/wp-cnet\/protomartires-do-brasil-serao-canonizados-neste-domingo-pelo-papa-francisco-na-basilica-de-sao-pedro\/","title":{"rendered":"Protom\u00e1rtires do Brasil ser\u00e3o canonizados neste domingo pelo papa Francisco, na Bas\u00edlica de S\u00e3o Pedro"},"content":{"rendered":"<p>O Arcebispo Metropolitano de Natal, dom Jaime Vieira Rocha, j\u00e1 est\u00e1 em Roma, para a canoniza\u00e7\u00e3o dos M\u00e1rtires de Cunha\u00fa e Urua\u00e7u, atual territ\u00f3rio da Arquidiocese de Natal (RN). Na cerim\u00f4nia deste domingo (15), na Bas\u00edlica de S\u00e3o Pedro, o papa Francisco vai canonizar os padres Ambr\u00f3sio Francisco Ferro e Andr\u00e9 Soveral, o leigo Mateus Moreira e mais 27 companheiros que foram martirizados, no s\u00e9culo XVII, por civis e soldados holandeses.<\/p>\n<p>Os protom\u00e1rtires do Brasil foram os primeiros crist\u00e3os cat\u00f3licos assassinados em raz\u00e3o de sua f\u00e9 no pa\u00eds. A canoniza\u00e7\u00e3o dos M\u00e1rtires de Cunha\u00fa e Urua\u00e7u \u00e9 o coroamento de um longo processo hist\u00f3rico, religioso e cultural que teve in\u00edcio na d\u00e9cada de 1970. Essa canoniza\u00e7\u00e3o \u00e9 o mais importante fato hist\u00f3rico e religioso das primeiras d\u00e9cadas do s\u00e9culo XXI no Rio Grande do Norte.<\/p>\n<p>Segundo a Arquidiocese de Natal, mais de 400 potiguares est\u00e3o em Roma para participar da celebra\u00e7\u00e3o no domingo. Al\u00e9m disso, ser\u00e3o realizadas outras duas celebra\u00e7\u00f5es em Roma. No s\u00e1bado (14), ser\u00e3o celebradas as V\u00e9speras Solenes na capela do Pontif\u00edcio Col\u00e9gio Pio Brasileiro e no dia 16, no altar da C\u00e1tedra de S\u00e3o Pedro, na Bas\u00edlica Vaticana, ser\u00e1 celebrada missa em a\u00e7\u00e3o de gra\u00e7as, presidida pelo arcebispo de Bras\u00edlia e presidente da Confer\u00eancia Nacional dos Bispos do Brasil (CNBB), Cardeal Dom S\u00e9rgio da Rocha.<\/p>\n<p>Os padres Andr\u00e9 de Soveral e Ambr\u00f3sio Francisco Ferro, Mateus Moreira e 27 companheiros leigos foram beatificados pelo Papa Jo\u00e3o Paulo II, no dia 5 de mar\u00e7o de 2000, na Pra\u00e7a de S\u00e3o Pedro. Agora, ser\u00e3o os primeiros santos m\u00e1rtires do Brasil.<\/p>\n<p>A festa lit\u00fargica dos protom\u00e1rtires do Brasil \u00e9 celebrada pela Igreja, no dia 3 de outubro, data do mart\u00edrio, em Urua\u00e7u. Desde 2007, ent\u00e3o, o dia 3 de outubro tornou-se feriado, no estado do Rio Grande do Norte.<\/p>\n<p><img loading=\"lazy\" decoding=\"async\" class=\"alignright\" src=\"http:\/\/cnbb.net.br\/wp-content\/uploads\/sites\/32\/2017\/10\/Protom%C3%A1rtires-Brasil-%C3%ADcone.jpg\" width=\"280\" height=\"420\" border=\"0\" \/>Hist\u00f3ria<\/p>\n<p>Em 16 de julho de 1645, o padre Andr\u00e9 de Soveral e outros 70 fi\u00e9is foram cruelmente mortos por 200 soldados holandeses e \u00edndios potiguares. Os fi\u00e9is estavam participando da missa dominical, na Capela de Nossa Senhora das Candeias, no Engenho Cunha\u00fa \u2013 no munic\u00edpio de Canguaretama (RN).<\/p>\n<p>Em 3 de outubro de 1645, tr\u00eas meses depois, houve o massacre de Urua\u00e7\u00fa. Padre Ambr\u00f3sio Francisco Ferro foi torturado e o campon\u00eas Mateus Moreira, morto. Os invasores calvinistas n\u00e3o admitiam a pr\u00e1tica da religi\u00e3o cat\u00f3lica. No local do massacre foi erguido o \u2018Monumento dos M\u00e1rtires\u2019.<\/p>\n<p>\u201cEsses m\u00e1rtires, para a nossa Igreja e o Brasil, s\u00e3o uma mensagem perene de convic\u00e7\u00e3o de viv\u00eancia da f\u00e9, e sobretudo num mundo t\u00e3o adverso onde a seculariza\u00e7\u00e3o vai grassando todas as inst\u00e2ncias da sociedade sobretudo a vida humana, \u00e9 um momento em que n\u00f3s nos voltamos para valores mais altos, \u00e9 uma mensagem muito eloquente de valores mais altos, valores eternos, o sangue derramado pelo nome de Cristo, pela Igreja e para a gl\u00f3ria de Deus, ent\u00e3o \u00e9 uma ben\u00e7\u00e3o muito grande para todos n\u00f3s\u201d, declarou o arcebispo de Natal, Dom Jaime Vieira Rocha.<\/p>\n<p>Patrono dos Ministros<\/p>\n<p>Em 2005, durante a 43\u00aa Assembl\u00e9ia Geral dos Bispos do Brasil, realizada em Itaici (SP), os bispos aprovaram o Bem aventurado Mateus Moreira como \u201cPatrono dos Ministros Extraordin\u00e1rios da Comunh\u00e3o Eucar\u00edstica\u201d. Em dezembro do mesmo ano, a CNBB comunicou que a Congrega\u00e7\u00e3o para o Culto Divino e a Disciplina dos Sacramentos, da Santa S\u00e9, havia aprovado o nome do Beato como patrono dos Ministros.<\/p>\n<p>&nbsp;<\/p>\n<p>Fonte: CNBB<\/p>\n","protected":false},"excerpt":{"rendered":"<p>O Arcebispo Metropolitano de Natal, dom Jaime Vieira Rocha, j\u00e1 est\u00e1 em Roma, para a canoniza\u00e7\u00e3o dos M\u00e1rtires de Cunha\u00fa e Urua\u00e7u, atual territ\u00f3rio da Arquidiocese de Natal (RN). Na cerim\u00f4nia deste domingo (15), na Bas\u00edlica de S\u00e3o Pedro, o papa Francisco vai canonizar os padres Ambr\u00f3sio Francisco Ferro e Andr\u00e9 Soveral, o leigo Mateus [&hellip;]<\/p>\n","protected":false},"author":1,"featured_media":35270,"comment_status":"open","ping_status":"closed","sticky":false,"template":"","format":"standard","meta":{"footnotes":""},"categories":[7],"tags":[],"class_list":["post-35269","post","type-post","status-publish","format-standard","has-post-thumbnail","hentry","category-cnbb"],"_links":{"self":[{"href":"https:\/\/catolicanet.net\/wp-cnet\/wp-json\/wp\/v2\/posts\/35269","targetHints":{"allow":["GET"]}}],"collection":[{"href":"https:\/\/catolicanet.net\/wp-cnet\/wp-json\/wp\/v2\/posts"}],"about":[{"href":"https:\/\/catolicanet.net\/wp-cnet\/wp-json\/wp\/v2\/types\/post"}],"author":[{"embeddable":true,"href":"https:\/\/catolicanet.net\/wp-cnet\/wp-json\/wp\/v2\/users\/1"}],"replies":[{"embeddable":true,"href":"https:\/\/catolicanet.net\/wp-cnet\/wp-json\/wp\/v2\/comments?post=35269"}],"version-history":[{"count":1,"href":"https:\/\/catolicanet.net\/wp-cnet\/wp-json\/wp\/v2\/posts\/35269\/revisions"}],"predecessor-version":[{"id":35271,"href":"https:\/\/catolicanet.net\/wp-cnet\/wp-json\/wp\/v2\/posts\/35269\/revisions\/35271"}],"wp:featuredmedia":[{"embeddable":true,"href":"https:\/\/catolicanet.net\/wp-cnet\/wp-json\/wp\/v2\/media\/35270"}],"wp:attachment":[{"href":"https:\/\/catolicanet.net\/wp-cnet\/wp-json\/wp\/v2\/media?parent=35269"}],"wp:term":[{"taxonomy":"category","embeddable":true,"href":"https:\/\/catolicanet.net\/wp-cnet\/wp-json\/wp\/v2\/categories?post=35269"},{"taxonomy":"post_tag","embeddable":true,"href":"https:\/\/catolicanet.net\/wp-cnet\/wp-json\/wp\/v2\/tags?post=35269"}],"curies":[{"name":"wp","href":"https:\/\/api.w.org\/{rel}","templated":true}]}}