{"id":35266,"date":"2017-10-13T09:25:52","date_gmt":"2017-10-13T12:25:52","guid":{"rendered":"http:\/\/catolicanet.net\/wp-cnet\/?p=35266"},"modified":"2017-11-23T10:26:26","modified_gmt":"2017-11-23T12:26:26","slug":"papa-que-os-cristaos-sejam-vigilantes-para-nao-cair-na-mundanidade","status":"publish","type":"post","link":"https:\/\/catolicanet.net\/wp-cnet\/papa-que-os-cristaos-sejam-vigilantes-para-nao-cair-na-mundanidade\/","title":{"rendered":"Papa: que os crist\u00e3os sejam vigilantes para n\u00e3o cair na mundanidade"},"content":{"rendered":"<p>Cidade do Vaticano (RV) \u2013 Somente Cristo crucificado nos salvar\u00e1 dos dem\u00f4nios que nos fazem \u201cdeslizar lentamente para a mundanidade\u201d, salvando-nos at\u00e9 mesmo da \u201cinsensatez\u201d da qual fala S\u00e3o Paulo aos G\u00e1latas \u2013 e \u201cda sedu\u00e7\u00e3o\u201d.<\/p>\n<p>&nbsp;<\/p>\n<p><a href=\"http:\/\/media02.radiovaticana.va\/audio\/audio2\/mp3\/00599004.mp3\">Clique aqui para ouvir:<\/a><\/p>\n<p>&nbsp;<\/p>\n<p><a href=\"https:\/\/www.youtube.com\/watch?time_continue=1&amp;v=7NYccvo48og\">Clique aqui para assistir o v\u00eddeo:<\/a><\/p>\n<p>&nbsp;<\/p>\n<p>Foi o que afirmou o Papa Francisco na Missa celebrada na manh\u00e3 desta sexta-feira na Capela da Casa Santa Marta, ao inspirar sua homilia do Evangelho de Lucas, onde Jesus diz: \u201cMas se \u00e9 pelo dedo de Deus que eu expulso os dem\u00f4nios, ent\u00e3o chegou para v\u00f3s o Reino de Deus\u201d.<\/p>\n<p>O Pont\u00edfice exorta ao exame de consci\u00eancia e \u00e0s obras de caridade, \u201caquelas que custam\u201d, mas que \u201cnos levar\u00e3o a ser mais atentos\u201d e vigilantes para que n\u00e3o entrem \u201castutos\u201d personagens, ou seja, os dem\u00f4nios.<\/p>\n<p>O Senhor \u2013 explica o Papa \u2013 \u201cpede para sermos vigilantes\u201d, para n\u00e3o cairmos em tenta\u00e7\u00e3o. Por isto, o crist\u00e3o est\u00e1 sempre \u201cem vigil\u00e2ncia, vigia, est\u00e1 atento\u201d, como \u201cum sentinela\u201d.<\/p>\n<p>O Evangelho fala da luta entre Jesus e o dem\u00f4nio e de \u201calguns\u201d que disseram que Cristo tinha \u201ca permiss\u00e3o de Belzeb\u00fa\u201d para expuls\u00e1-lo.<\/p>\n<p>Jesus n\u00e3o conta uma par\u00e1bola \u2013 observa o Papa &#8211; mas \u201cdiz uma verdade\u201d: quando o esp\u00edrito impuro \u201csai do homem\u201d, vagueia \u201cpor lugares desertos\u201d buscando um repouso e n\u00e3o encontrando, decide retornar para a casa de onde saiu, onde habita o homem \u201clivre\u201d.<\/p>\n<p>Ent\u00e3o o dem\u00f4nio decide trazer consigo \u201coutros sete esp\u00edritos piores do que ele\u201d, de forma que tamb\u00e9m a \u201ccondi\u00e7\u00e3o daquele homem\u201d fique \u201cpior do que antes\u201d.<\/p>\n<p>Precisamente a palavra \u201cpior\u201d \u2013 evidencia o Pont\u00edfice \u2013 tem \u201ctanta for\u00e7a\u201d nesta passagem, porque os dem\u00f4nios entram\u00a0 \u201cna surdina\u201d:<\/p>\n<p>\u201cCome\u00e7am a fazer parte da vida. Tamb\u00e9m com as suas ideias e as suas inspira\u00e7\u00f5es, ajudam aquele homem a viver melhor&#8230; e entram na vida do homem, entram em seu cora\u00e7\u00e3o e por dentro come\u00e7am a mudar este homem, mas tranquilamente, sem fazer barulho. \u00c9 diferente, este modo \u00e9 diferente daquele da possess\u00e3o diab\u00f3lica que \u00e9 forte: esta \u00e9 uma possess\u00e3o diab\u00f3lica um pouco \u201cde sal\u00e3o\u201d, digamos assim. E isto \u00e9 o que o diabo faz lentamente, em nossa vida, para mudar os crit\u00e9rios, para levar-nos \u00e0 mundanidade. Mimetiza-se em nosso modo de agir, e n\u00f3s dificilmente nos damos conta. E assim, aquele homem, liberto de um dem\u00f4nio, torna-se um homem prisioneiro, um homem oprimido pela mundanidade. E isto \u00e9 aquilo que o diabo quer, a mundanidade\u201d.<\/p>\n<p>A mundanidade, por outro lado, \u00e9 \u201cum passo adiante na \u2018possess\u00e3o\u2019 do dem\u00f4nio\u201d, acrescenta Francisco. \u00c9 um \u201cencantamento\u201d, \u00e9 a \u201csedu\u00e7\u00e3o\u201d. Porque \u00e9 o \u201cpai da sedu\u00e7\u00e3o\u201d. E quando o dem\u00f4nio entra \u201ct\u00e3o suavemente, educadamente e toma posse de nossas atitudes\u201d, explica o Papa, os nossos valores \u201cv\u00e3o do servi\u00e7o a Deus \u00e0 mundanidade\u201d. Assim nos tornamos \u201ccrist\u00e3os mornos, crist\u00e3os mundanos\u201d com uma \u201cmistura\u201d &#8211; que o Papa chama de \u201csalada de frutas\u201d &#8211; entre \u201co esp\u00edrito do mundo e o esp\u00edrito de Deus\u201d. Tudo isso nos \u201cafasta do Senhor\u201d. Francisco responde ent\u00e3o \u00e0 quest\u00e3o do que fazer para \u201cn\u00e3o cair\u201d e para sair de tal situa\u00e7\u00e3o. Reafirma o tema da \u201cvigil\u00e2ncia\u201d sem \u201cse assustar\u201d, com \u201ccalma\u201d:<\/p>\n<p>\u201cVigiar significa entender o que acontece no meu cora\u00e7\u00e3o, significa parar um pouco e examinar a minha vida. Sou crist\u00e3o? Eu educo mais ou menos bem os meus filhos? Minha vida \u00e9 crist\u00e3 ou \u00e9 mundana? E como posso entender isso? A mesma receita de Paulo: olhar para Cristo crucificado. A mundanidade s\u00f3 v\u00ea onde est\u00e1 e se destr\u00f3i diante da cruz do Senhor. E este \u00e9 o prop\u00f3sito do Crucifixo em nossa frente: n\u00e3o \u00e9 um ornamento; \u00c9 exatamente o que nos salva desses encantamentos, dessas sedu\u00e7\u00f5es que nos levam \u00e0 mundanidade\u201d.<\/p>\n<p>O Pont\u00edfice exorta a nos perguntarmos se olhamos para o \u201cCristo crucificado\u201d, se fazemos \u201ca Via Sacra para ver o pre\u00e7o da salva\u00e7\u00e3o\u201d, n\u00e3o s\u00f3 dos pecados, mas tamb\u00e9m da mundanidade\u201d:<\/p>\n<p>\u201cEnt\u00e3o, como eu disse, o exame de consci\u00eancia, para ver o que ocorre. Mas sempre diante do Cristo crucificado. A ora\u00e7\u00e3o. E depois, far\u00e1 bem fazer-se uma fratura, n\u00e3o nos ossos: uma fratura nas atitudes confort\u00e1veis: as obras de caridade. Estou confort\u00e1vel, mas vou fazer isso, que me custa. Visitar uma pessoa doente, ajudar algu\u00e9m que precisa&#8230; n\u00e3o sei, uma\u00a0 obra de caridade. E isso rompe a harmonia que procura fazer esse dem\u00f4nio, esses sete dem\u00f4nios com o chefe, para fazer a mundanidade espiritual\u201d.<\/p>\n<p>&nbsp;<\/p>\n<p>Fonte: R\u00e1dio Vaticano<\/p>\n","protected":false},"excerpt":{"rendered":"<p>Cidade do Vaticano (RV) \u2013 Somente Cristo crucificado nos salvar\u00e1 dos dem\u00f4nios que nos fazem \u201cdeslizar lentamente para a mundanidade\u201d, salvando-nos at\u00e9 mesmo da \u201cinsensatez\u201d da qual fala S\u00e3o Paulo aos G\u00e1latas \u2013 e \u201cda sedu\u00e7\u00e3o\u201d. &nbsp; Clique aqui para ouvir: &nbsp; Clique aqui para assistir o v\u00eddeo: &nbsp; Foi o que afirmou o Papa [&hellip;]<\/p>\n","protected":false},"author":1,"featured_media":35267,"comment_status":"open","ping_status":"closed","sticky":false,"template":"","format":"standard","meta":{"footnotes":""},"categories":[3],"tags":[],"class_list":["post-35266","post","type-post","status-publish","format-standard","has-post-thumbnail","hentry","category-vaticano"],"_links":{"self":[{"href":"https:\/\/catolicanet.net\/wp-cnet\/wp-json\/wp\/v2\/posts\/35266","targetHints":{"allow":["GET"]}}],"collection":[{"href":"https:\/\/catolicanet.net\/wp-cnet\/wp-json\/wp\/v2\/posts"}],"about":[{"href":"https:\/\/catolicanet.net\/wp-cnet\/wp-json\/wp\/v2\/types\/post"}],"author":[{"embeddable":true,"href":"https:\/\/catolicanet.net\/wp-cnet\/wp-json\/wp\/v2\/users\/1"}],"replies":[{"embeddable":true,"href":"https:\/\/catolicanet.net\/wp-cnet\/wp-json\/wp\/v2\/comments?post=35266"}],"version-history":[{"count":1,"href":"https:\/\/catolicanet.net\/wp-cnet\/wp-json\/wp\/v2\/posts\/35266\/revisions"}],"predecessor-version":[{"id":35268,"href":"https:\/\/catolicanet.net\/wp-cnet\/wp-json\/wp\/v2\/posts\/35266\/revisions\/35268"}],"wp:featuredmedia":[{"embeddable":true,"href":"https:\/\/catolicanet.net\/wp-cnet\/wp-json\/wp\/v2\/media\/35267"}],"wp:attachment":[{"href":"https:\/\/catolicanet.net\/wp-cnet\/wp-json\/wp\/v2\/media?parent=35266"}],"wp:term":[{"taxonomy":"category","embeddable":true,"href":"https:\/\/catolicanet.net\/wp-cnet\/wp-json\/wp\/v2\/categories?post=35266"},{"taxonomy":"post_tag","embeddable":true,"href":"https:\/\/catolicanet.net\/wp-cnet\/wp-json\/wp\/v2\/tags?post=35266"}],"curies":[{"name":"wp","href":"https:\/\/api.w.org\/{rel}","templated":true}]}}