{"id":35254,"date":"2017-10-11T16:13:54","date_gmt":"2017-10-11T19:13:54","guid":{"rendered":"http:\/\/catolicanet.net\/wp-cnet\/?p=35254"},"modified":"2017-11-23T10:16:59","modified_gmt":"2017-11-23T12:16:59","slug":"novos-padres-para-a-republica-tcheca","status":"publish","type":"post","link":"https:\/\/catolicanet.net\/wp-cnet\/novos-padres-para-a-republica-tcheca\/","title":{"rendered":"Novos padres para a Rep\u00fablica Tcheca"},"content":{"rendered":"<p>&#8220;N\u00f3s n\u00e3o nos inclinamos a nenhum regime que n\u00e3o se curve a Deus&#8221;. Em 1951, apenas algumas horas depois de pronunciar essas palavras aos fi\u00e9is cat\u00f3licos na Catedral de S\u00e3o Vito de Praga, Rep\u00fablica Tcheca, o Arcebispo Josef Beran foi sequestrado pela pol\u00edcia secreta e ficou preso pelos 16 anos seguintes. Milhares de sacerdotes e religiosos, onde era ent\u00e3o a Tchecoslov\u00e1quia, compartilharam de destino semelhante e sofreram nas pris\u00f5es e campos de trabalho.<\/p>\n<p>O pr\u00e9dio onde estava instalado o semin\u00e1rio arquidiocesano em Praga foi transformado em um centro para um jornal de propaganda comunista. Durante muitos longos anos, os vocacionados ao sacerd\u00f3cio n\u00e3o podiam avan\u00e7ar em seus chamados e n\u00e3o tinham permiss\u00e3o para estudar. Mais tarde conseguiram se preparar para o sacerd\u00f3cio em igrejas subterr\u00e2neas. Muitos foram secretamente ordenados, muitas vezes em pa\u00edses vizinhos. A forma\u00e7\u00e3o oficial dos sacerdotes foi controlada pelo Servi\u00e7o Secreto. Era negado o exerc\u00edcio sacerdotal daqueles padres n\u00e3o aceitos pelo Estado. Estes, muitas vezes, eram for\u00e7ados a trabalhar em f\u00e1bricas ou como limpadores de janelas para se sustentarem.<\/p>\n<p>Em 1990, ap\u00f3s o colapso do governo comunista, o semin\u00e1rio arquidiocesano em Praga p\u00f4de abrir suas portas novamente. \u00c9 aqui que os futuros sacerdotes de hoje est\u00e3o sendo formados para trabalharem pastoralmente na Rep\u00fablica Tcheca, ainda muito ate\u00edsta. Esse \u00e9 um dos dois \u00fanicos semin\u00e1rios no pa\u00eds. Atualmente, h\u00e1 ali 23 jovens, de cinco dioceses diferentes, em forma\u00e7\u00e3o para o sacerd\u00f3cio.<\/p>\n<p>Eles enfrentar\u00e3o uma tarefa dif\u00edcil ap\u00f3s a ordena\u00e7\u00e3o, pois com 34% da popula\u00e7\u00e3o afirmando n\u00e3o ter f\u00e9 e com outros 44% se recusando a fornecer detalhes sobre sua afilia\u00e7\u00e3o religiosa, a Rep\u00fablica Tcheca \u00e9 um dos pa\u00edses mais ateus da Europa. Apenas 10,4% da popula\u00e7\u00e3o s\u00e3o cat\u00f3licos, enquanto outros 11% pertencem a outras denomina\u00e7\u00f5es crist\u00e3s. No entanto, h\u00e1 par\u00f3quias vivas com fam\u00edlias jovens, com pessoas buscando realmente o caminho da f\u00e9. Por isso, existe uma necessidade urgente de novos sacerdotes.<\/p>\n<p>A ACN contribui com a forma\u00e7\u00e3o desses futuros padres em Praga. A continua\u00e7\u00e3o da f\u00e9 cat\u00f3lica no pa\u00eds depende tamb\u00e9m deles.<\/p>\n<p>&nbsp;<\/p>\n<p>Fonte: ACN<\/p>\n","protected":false},"excerpt":{"rendered":"<p>&#8220;N\u00f3s n\u00e3o nos inclinamos a nenhum regime que n\u00e3o se curve a Deus&#8221;. Em 1951, apenas algumas horas depois de pronunciar essas palavras aos fi\u00e9is cat\u00f3licos na Catedral de S\u00e3o Vito de Praga, Rep\u00fablica Tcheca, o Arcebispo Josef Beran foi sequestrado pela pol\u00edcia secreta e ficou preso pelos 16 anos seguintes. Milhares de sacerdotes e [&hellip;]<\/p>\n","protected":false},"author":1,"featured_media":35255,"comment_status":"open","ping_status":"closed","sticky":false,"template":"","format":"standard","meta":{"footnotes":""},"categories":[4],"tags":[],"class_list":["post-35254","post","type-post","status-publish","format-standard","has-post-thumbnail","hentry","category-cotidiano"],"_links":{"self":[{"href":"https:\/\/catolicanet.net\/wp-cnet\/wp-json\/wp\/v2\/posts\/35254","targetHints":{"allow":["GET"]}}],"collection":[{"href":"https:\/\/catolicanet.net\/wp-cnet\/wp-json\/wp\/v2\/posts"}],"about":[{"href":"https:\/\/catolicanet.net\/wp-cnet\/wp-json\/wp\/v2\/types\/post"}],"author":[{"embeddable":true,"href":"https:\/\/catolicanet.net\/wp-cnet\/wp-json\/wp\/v2\/users\/1"}],"replies":[{"embeddable":true,"href":"https:\/\/catolicanet.net\/wp-cnet\/wp-json\/wp\/v2\/comments?post=35254"}],"version-history":[{"count":1,"href":"https:\/\/catolicanet.net\/wp-cnet\/wp-json\/wp\/v2\/posts\/35254\/revisions"}],"predecessor-version":[{"id":35256,"href":"https:\/\/catolicanet.net\/wp-cnet\/wp-json\/wp\/v2\/posts\/35254\/revisions\/35256"}],"wp:featuredmedia":[{"embeddable":true,"href":"https:\/\/catolicanet.net\/wp-cnet\/wp-json\/wp\/v2\/media\/35255"}],"wp:attachment":[{"href":"https:\/\/catolicanet.net\/wp-cnet\/wp-json\/wp\/v2\/media?parent=35254"}],"wp:term":[{"taxonomy":"category","embeddable":true,"href":"https:\/\/catolicanet.net\/wp-cnet\/wp-json\/wp\/v2\/categories?post=35254"},{"taxonomy":"post_tag","embeddable":true,"href":"https:\/\/catolicanet.net\/wp-cnet\/wp-json\/wp\/v2\/tags?post=35254"}],"curies":[{"name":"wp","href":"https:\/\/api.w.org\/{rel}","templated":true}]}}