{"id":3524,"date":"2013-11-26T17:48:37","date_gmt":"2013-11-26T19:48:37","guid":{"rendered":"http:\/\/catolicanet.net\/wp-cnet\/cnbb-lanca-coletanea-com-partituras-de-cantos-da-campanha-da-fraternidade\/"},"modified":"2017-03-23T17:00:32","modified_gmt":"2017-03-23T20:00:32","slug":"cnbb-lanca-coletanea-com-partituras-de-cantos-da-campanha-da-fraternidade","status":"publish","type":"post","link":"https:\/\/catolicanet.net\/wp-cnet\/cnbb-lanca-coletanea-com-partituras-de-cantos-da-campanha-da-fraternidade\/","title":{"rendered":"CNBB lan\u00e7a colet\u00e2nea com partituras de cantos da Campanha da Fraternidade"},"content":{"rendered":"<p style=\"text-align: justify;\"><img decoding=\"async\" src=\"http:\/\/catolicanet.com.br\/images\/stories\/logocnbb.jpg\" border=\"0\" align=\"left\" \/>A Confer\u00eancia Nacional dos Bispos do Brasil divulgou nesta ter\u00e7a-feira, 26, a colet\u00e2nea de partituras de todos os cantos da Campanha da Fraternidade, desde 1970 at\u00e9 2014. O lan\u00e7amento foi feito durante a reuni\u00e3o do Conselho Episcopal Pastoral (Consep), que se realiza na sede da CNBB, em Bras\u00edlia.<\/p>\n<p>&#8220;Esta edi\u00e7\u00e3o tem o objetivo de valorizar e registrar a vasta produ\u00e7\u00e3o de m\u00fasica sacra da Igreja no Brasil&#8221;, explicou o Secret\u00e1rio-Geral da CNBB, Dom Leonardo Steiner. O volume cont\u00e9m composi\u00e7\u00f5es, letra e m\u00fasica, para a Campanha da Fraternidade, consolidadas no repert\u00f3rio lit\u00fargico das comunidades.<\/p>\n<p>&#8220;Se olharmos para a hist\u00f3ria da m\u00fasica lit\u00fargica no Brasil, j\u00e1 temos um repert\u00f3rio qualificado&#8221;, afirmou o assessor da Comiss\u00e3o Episcopal Pastoral para a Liturgia, Pe. Jos\u00e9 Carlos Sala. De acordo com o assessor, o livro destina-se a agentes de m\u00fasicas lit\u00fargicas que buscam fundamenta\u00e7\u00e3o e inspira\u00e7\u00e3o para o repert\u00f3rio de m\u00fasicas sacras.<\/p>\n<p>A colet\u00e2nea foi publicada pelas Edi\u00e7\u00f5es CNBB. Informa\u00e7\u00f5es: www.edicoescnbb.org.br<\/p>\n<p>A reuni\u00e3o do Consep teve in\u00edcio nesta ter\u00e7a-feira e prossegue at\u00e9 amanh\u00e3, 27. Em pauta: Campanha da Fraternidade 2014, An\u00e1lise de Conjuntura, Reforma Pol\u00edtica, S\u00ednodo dos Bispos, Leigos, Assembleia Geral, dentre outros.<\/p>\n<p>Participam da reuni\u00e3o: a presid\u00eancia da CNBB, os bispos presidentes e assessores das doze comiss\u00f5es episcopais e representantes de organismos vinculados \u00e0 confer\u00eancia.<\/p>\n<p style=\"text-align: justify;\">\u00a0<\/p>\n<p style=\"text-align: justify;\"><strong>Local: Bras\u00edlia (DF)<br \/>Fonte: R\u00e1dio Vaticano<\/strong><\/p>\n","protected":false},"excerpt":{"rendered":"<p>A Confer\u00eancia Nacional dos Bispos do Brasil divulgou nesta ter\u00e7a-feira, 26, a colet\u00e2nea de partituras de todos os cantos da Campanha da Fraternidade, desde 1970 at\u00e9 2014. O lan\u00e7amento foi feito durante a reuni\u00e3o do Conselho Episcopal Pastoral (Consep), que se realiza na sede da CNBB, em Bras\u00edlia. &#8220;Esta edi\u00e7\u00e3o tem o objetivo de valorizar [&hellip;]<\/p>\n","protected":false},"author":1,"featured_media":0,"comment_status":"closed","ping_status":"closed","sticky":false,"template":"","format":"standard","meta":{"footnotes":""},"categories":[7],"tags":[],"class_list":["post-3524","post","type-post","status-publish","format-standard","hentry","category-cnbb"],"_links":{"self":[{"href":"https:\/\/catolicanet.net\/wp-cnet\/wp-json\/wp\/v2\/posts\/3524","targetHints":{"allow":["GET"]}}],"collection":[{"href":"https:\/\/catolicanet.net\/wp-cnet\/wp-json\/wp\/v2\/posts"}],"about":[{"href":"https:\/\/catolicanet.net\/wp-cnet\/wp-json\/wp\/v2\/types\/post"}],"author":[{"embeddable":true,"href":"https:\/\/catolicanet.net\/wp-cnet\/wp-json\/wp\/v2\/users\/1"}],"replies":[{"embeddable":true,"href":"https:\/\/catolicanet.net\/wp-cnet\/wp-json\/wp\/v2\/comments?post=3524"}],"version-history":[{"count":1,"href":"https:\/\/catolicanet.net\/wp-cnet\/wp-json\/wp\/v2\/posts\/3524\/revisions"}],"predecessor-version":[{"id":7809,"href":"https:\/\/catolicanet.net\/wp-cnet\/wp-json\/wp\/v2\/posts\/3524\/revisions\/7809"}],"wp:attachment":[{"href":"https:\/\/catolicanet.net\/wp-cnet\/wp-json\/wp\/v2\/media?parent=3524"}],"wp:term":[{"taxonomy":"category","embeddable":true,"href":"https:\/\/catolicanet.net\/wp-cnet\/wp-json\/wp\/v2\/categories?post=3524"},{"taxonomy":"post_tag","embeddable":true,"href":"https:\/\/catolicanet.net\/wp-cnet\/wp-json\/wp\/v2\/tags?post=3524"}],"curies":[{"name":"wp","href":"https:\/\/api.w.org\/{rel}","templated":true}]}}