{"id":35239,"date":"2017-10-11T09:00:59","date_gmt":"2017-10-11T12:00:59","guid":{"rendered":"http:\/\/catolicanet.net\/wp-cnet\/?p=35239"},"modified":"2017-11-23T10:03:14","modified_gmt":"2017-11-23T12:03:14","slug":"100-anos-das-aparicoes-em-fatima-rezar-pela-paz-no-mundo-pede-o-papa","status":"publish","type":"post","link":"https:\/\/catolicanet.net\/wp-cnet\/100-anos-das-aparicoes-em-fatima-rezar-pela-paz-no-mundo-pede-o-papa\/","title":{"rendered":"100 anos das apari\u00e7\u00f5es em F\u00e1tima: rezar pela paz no mundo, pede o Papa"},"content":{"rendered":"<p>Cidade do Vaticano (RV) \u2013 Ao recordar que em 13 de outubro se conclui o centen\u00e1rio das \u00faltimas apari\u00e7\u00f5es marianas em F\u00e1tima, o Papa Francisco pediu que, especialmente neste m\u00eas de outubro, se reze o Santo Ros\u00e1rio pela paz no mundo:<\/p>\n<p>&nbsp;<\/p>\n<p><a href=\"http:\/\/media02.radiovaticana.va\/audio\/audio2\/mp3\/00598751.mp3\">Clique aqui para ouvir:<\/a><\/p>\n<p>&nbsp;<\/p>\n<p>\u201cNa pr\u00f3xima sexta-feira, 13 de outubro, conclui-se o centen\u00e1rio das \u00faltimas apari\u00e7\u00f5es marianas em F\u00e1tima. Com o olhar voltado a M\u00e3e do Senhor e Rainha das Miss\u00f5es, convido todos, especialmente neste m\u00eas de outubro, a rezar\u00a0 o Santo Ros\u00e1rio pela inten\u00e7\u00e3o da paz no mundo. Possa a ora\u00e7\u00e3o dissuadir os \u00e2nimos mais rebeldes, para que tirem a viol\u00eancia de seus cora\u00e7\u00f5es, de suas palavras e de seus gestos, e construam comunidades n\u00e3o-violentas, que cuidem da casa comum. Nada \u00e9 imposs\u00edvel se nos dirigimos a Deus na ora\u00e7\u00e3o. Todos podemos ser construtores de paz\u201d.<\/p>\n<p>O Pont\u00edfice recordou que no mesmo dia recorre o Dia Internacional para a Redu\u00e7\u00e3o dos Desastres Naturais:<\/p>\n<p>\u201cRenovo o meu premente apelo pela salvaguarda da cria\u00e7\u00e3o, mediante uma sempre mais atenta tutela e cuidado pelo ambiente. Encorajo, neste sentido, as institui\u00e7\u00f5es e todos os que t\u00eam responsabilidade p\u00fablica e social, a promover sempre mais uma cultura que tenha como objetivo a redu\u00e7\u00e3o da exposi\u00e7\u00e3o aos riscos e \u00e0s calamidades naturais. As a\u00e7\u00f5es concretas, voltadas ao estudo e \u00e0 defesa da casa comum, possam reduzir progressivamente os riscos para as popula\u00e7\u00f5es mais vulner\u00e1veis\u201d.<\/p>\n<p>&nbsp;<\/p>\n<p>Fonte: R\u00e1dio Vaticano<\/p>\n","protected":false},"excerpt":{"rendered":"<p>Cidade do Vaticano (RV) \u2013 Ao recordar que em 13 de outubro se conclui o centen\u00e1rio das \u00faltimas apari\u00e7\u00f5es marianas em F\u00e1tima, o Papa Francisco pediu que, especialmente neste m\u00eas de outubro, se reze o Santo Ros\u00e1rio pela paz no mundo: &nbsp; Clique aqui para ouvir: &nbsp; \u201cNa pr\u00f3xima sexta-feira, 13 de outubro, conclui-se o [&hellip;]<\/p>\n","protected":false},"author":1,"featured_media":35240,"comment_status":"open","ping_status":"closed","sticky":false,"template":"","format":"standard","meta":{"footnotes":""},"categories":[3],"tags":[],"class_list":["post-35239","post","type-post","status-publish","format-standard","has-post-thumbnail","hentry","category-vaticano"],"_links":{"self":[{"href":"https:\/\/catolicanet.net\/wp-cnet\/wp-json\/wp\/v2\/posts\/35239","targetHints":{"allow":["GET"]}}],"collection":[{"href":"https:\/\/catolicanet.net\/wp-cnet\/wp-json\/wp\/v2\/posts"}],"about":[{"href":"https:\/\/catolicanet.net\/wp-cnet\/wp-json\/wp\/v2\/types\/post"}],"author":[{"embeddable":true,"href":"https:\/\/catolicanet.net\/wp-cnet\/wp-json\/wp\/v2\/users\/1"}],"replies":[{"embeddable":true,"href":"https:\/\/catolicanet.net\/wp-cnet\/wp-json\/wp\/v2\/comments?post=35239"}],"version-history":[{"count":1,"href":"https:\/\/catolicanet.net\/wp-cnet\/wp-json\/wp\/v2\/posts\/35239\/revisions"}],"predecessor-version":[{"id":35241,"href":"https:\/\/catolicanet.net\/wp-cnet\/wp-json\/wp\/v2\/posts\/35239\/revisions\/35241"}],"wp:featuredmedia":[{"embeddable":true,"href":"https:\/\/catolicanet.net\/wp-cnet\/wp-json\/wp\/v2\/media\/35240"}],"wp:attachment":[{"href":"https:\/\/catolicanet.net\/wp-cnet\/wp-json\/wp\/v2\/media?parent=35239"}],"wp:term":[{"taxonomy":"category","embeddable":true,"href":"https:\/\/catolicanet.net\/wp-cnet\/wp-json\/wp\/v2\/categories?post=35239"},{"taxonomy":"post_tag","embeddable":true,"href":"https:\/\/catolicanet.net\/wp-cnet\/wp-json\/wp\/v2\/tags?post=35239"}],"curies":[{"name":"wp","href":"https:\/\/api.w.org\/{rel}","templated":true}]}}