{"id":3520,"date":"2013-11-26T15:15:47","date_gmt":"2013-11-26T17:15:47","guid":{"rendered":"http:\/\/catolicanet.net\/wp-cnet\/inicio-do-ano-liturgico\/"},"modified":"2017-03-23T17:02:35","modified_gmt":"2017-03-23T20:02:35","slug":"inicio-do-ano-liturgico","status":"publish","type":"post","link":"https:\/\/catolicanet.net\/wp-cnet\/inicio-do-ano-liturgico\/","title":{"rendered":"In\u00edcio do Ano Lit\u00fargico"},"content":{"rendered":"<p style=\"text-align: justify;\"><img decoding=\"async\" src=\"http:\/\/catolicanet.com.br\/images\/stories\/domeurico1.jpg\" border=\"0\" align=\"left\" \/>O Ano Lit\u00fargico come\u00e7a com o advento, que significa \u201cprepara\u00e7\u00e3o para a chegada\u201d. No dia 01 de dezembro de 2013, primeiro domingo do advento, inicia-se um novo Ano Lit\u00fargico, seguindo o evangelho de Mateus (Ano A).<br \/>Nossa vida cotidiana \u00e9 uma eterna correria e, de repente, nos damos conta de que adquirimos muita experi\u00eancia, por\u00e9m estamos mais velhos e cansados. Visto dessa forma, o tempo parece nos aprisionar e condenar a um destino fatal. <br \/>A perspectiva b\u00edblica sobre o tempo \u00e9 bem outra. A encarna\u00e7\u00e3o de Jesus inaugurou o tempo novo da gra\u00e7a e da salva\u00e7\u00e3o.<br \/>O Reino j\u00e1 est\u00e1 presente neste mundo e ser\u00e1 pleno na eternidade. Assim, o momento atual \u00e9 o tempo e o lugar para usufruirmos a vida nova na for\u00e7a do Esp\u00edrito Santo e alcan\u00e7armos a salva\u00e7\u00e3o definitiva.<br \/>Eis que o nosso tempo se transforma numa esperan\u00e7osa hist\u00f3ria de salva\u00e7\u00e3o que revela o amor e a miseric\u00f3rdia de nosso Deus providente. H\u00e1 somente um pr\u00e9-requisito para fazer parte desta hist\u00f3ria: \u201dconvertei-vos e crede na Boa-Nova\u201d. Este chamado acompanhar\u00e1 o crist\u00e3o durante toda a sua vida.<br \/>Hoje, entre n\u00f3s, se manifesta a gra\u00e7a, assim como Jesus afirmou na sinagoga de Nazar\u00e9, quando proclamou o profeta Isa\u00edas: &#8220;O Esp\u00edrito do Senhor est\u00e1 sobre mim, pois ele me ungiu, para anunciar a Boa-Nova aos pobres; enviou-me para proclamar a liberta\u00e7\u00e3o aos presos e, aos cegos, a recupera\u00e7\u00e3o da vista&#8221;. Ao final da leitura, solenemente afirmou: &#8220;Hoje se cumpriu esta passagem da Escritura&#8221;.<br \/>O Ano Lit\u00fargico \u00e9 um cont\u00ednuo \u201choje\u201d, pois a salva\u00e7\u00e3o \u00e9 sempre atual e est\u00e1 a nossa m\u00e3o.<br \/>O Esp\u00edrito Santo atualiza, por seu poder transformador, o mist\u00e9rio de Cristo.<br \/>O Ano Lit\u00fargico, celebrado pela Igreja, quer nos colocar eficazmente em contato com a salva\u00e7\u00e3o oferecida gratuitamente pelo Senhor. Ao celebrar os eventos protagonizados por Cristo, a Igreja faz mem\u00f3ria deles e torna-nos contempor\u00e2neos. O Ano Lit\u00fargico comemora o pr\u00f3prio Cristo, em movimento no tempo e no espa\u00e7o a continuar sua obra salv\u00edfica.<br \/>A celebra\u00e7\u00e3o destes acontecimentos reproduz em n\u00f3s a vida e a imagem do Filho de Deus, para que cada vez mais possamos ser transformados no mist\u00e9rio que celebramos. Cada mist\u00e9rio da vida de Cristo implica diretamente em nossa vida e em nosso destino final de filhos de Deus.<br \/>Possa cada um de n\u00f3s acompanhar, com vontade, com amor, com humildade, os passos de Jesus, atrav\u00e9s do Ano Lit\u00fargico que em breve se iniciar\u00e1.<\/p>\n","protected":false},"excerpt":{"rendered":"<p>O Ano Lit\u00fargico come\u00e7a com o advento, que significa \u201cprepara\u00e7\u00e3o para a chegada\u201d. No dia 01 de dezembro de 2013, primeiro domingo do advento, inicia-se um novo Ano Lit\u00fargico, seguindo o evangelho de Mateus (Ano A).Nossa vida cotidiana \u00e9 uma eterna correria e, de repente, nos damos conta de que adquirimos muita experi\u00eancia, por\u00e9m estamos [&hellip;]<\/p>\n","protected":false},"author":10,"featured_media":0,"comment_status":"closed","ping_status":"closed","sticky":false,"template":"","format":"standard","meta":{"footnotes":""},"categories":[9],"tags":[],"class_list":["post-3520","post","type-post","status-publish","format-standard","hentry","category-artigos"],"_links":{"self":[{"href":"https:\/\/catolicanet.net\/wp-cnet\/wp-json\/wp\/v2\/posts\/3520","targetHints":{"allow":["GET"]}}],"collection":[{"href":"https:\/\/catolicanet.net\/wp-cnet\/wp-json\/wp\/v2\/posts"}],"about":[{"href":"https:\/\/catolicanet.net\/wp-cnet\/wp-json\/wp\/v2\/types\/post"}],"author":[{"embeddable":true,"href":"https:\/\/catolicanet.net\/wp-cnet\/wp-json\/wp\/v2\/users\/10"}],"replies":[{"embeddable":true,"href":"https:\/\/catolicanet.net\/wp-cnet\/wp-json\/wp\/v2\/comments?post=3520"}],"version-history":[{"count":1,"href":"https:\/\/catolicanet.net\/wp-cnet\/wp-json\/wp\/v2\/posts\/3520\/revisions"}],"predecessor-version":[{"id":7813,"href":"https:\/\/catolicanet.net\/wp-cnet\/wp-json\/wp\/v2\/posts\/3520\/revisions\/7813"}],"wp:attachment":[{"href":"https:\/\/catolicanet.net\/wp-cnet\/wp-json\/wp\/v2\/media?parent=3520"}],"wp:term":[{"taxonomy":"category","embeddable":true,"href":"https:\/\/catolicanet.net\/wp-cnet\/wp-json\/wp\/v2\/categories?post=3520"},{"taxonomy":"post_tag","embeddable":true,"href":"https:\/\/catolicanet.net\/wp-cnet\/wp-json\/wp\/v2\/tags?post=3520"}],"curies":[{"name":"wp","href":"https:\/\/api.w.org\/{rel}","templated":true}]}}