{"id":3518,"date":"2013-11-26T13:05:27","date_gmt":"2013-11-26T15:05:27","guid":{"rendered":"http:\/\/catolicanet.net\/wp-cnet\/encontro-coracao-novo-para-um-mundo-novo-evangelizacao-na-vida-publica\/"},"modified":"2017-03-23T17:03:23","modified_gmt":"2017-03-23T20:03:23","slug":"encontro-coracao-novo-para-um-mundo-novo-evangelizacao-na-vida-publica","status":"publish","type":"post","link":"https:\/\/catolicanet.net\/wp-cnet\/encontro-coracao-novo-para-um-mundo-novo-evangelizacao-na-vida-publica\/","title":{"rendered":"Encontro Cora\u00e7\u00e3o Novo para um Mundo Novo: Evangeliza\u00e7\u00e3o na Vida P\u00fablica"},"content":{"rendered":"<p style=\"text-align: justify;\"><img decoding=\"async\" src=\"http:\/\/catolicanet.com.br\/images\/stories\/coracaonovoparaummundonovo.jpg\" border=\"0\" align=\"left\" \/>Todos n\u00f3s sabemos que a crise da humanidade contempor\u00e2nea n\u00e3o \u00e9 superficial, mas profunda. Por isso, enquanto exorta a ter a coragem de ir contra a corrente, de se converter dos \u00eddolos para o \u00fanico Deus verdadeiro, a nova evangeliza\u00e7\u00e3o n\u00e3o pode deixar de recorrer \u00e0 linguagem da miseric\u00f3rdia. [&#8230;] A Igreja \u00e9 enviada a despertar esta esperan\u00e7a em toda a parte, de maneira especial onde ela est\u00e1 asfixiada por condi\u00e7\u00f5es existenciais dif\u00edceis, \u00e0s vezes desumanas, onde a esperan\u00e7a n\u00e3o respira, onde sufoca. \u00c9 necess\u00e1rio o oxig\u00e9nio do Evangelho, do sopro do Esp\u00edrito de Cristo Ressuscitado, que volta a acend\u00ea-la nos cora\u00e7\u00f5es. A Igreja \u00e9 a casa cujas portas est\u00e3o sempre abertas, n\u00e3o somente para que cada um possa encontrar acolhimento no seu interior e a\u00ed respirar o amor e a esperan\u00e7a, mas tamb\u00e9m a fim de que possamos sair para levar este amor e esta esperan\u00e7a.<\/p>\n<p style=\"text-align: right;\">Papa Francisco, aos participantes na Plen\u00e1ria do <br \/>Pontif\u00edcio Conselho para a Promo\u00e7\u00e3o da Nova Evangeliza\u00e7\u00e3o (14\/10\/2013)<\/p>\n<p style=\"text-align: justify;\">No dia 07 de dezembro ser\u00e1 realizado na PUC-SP o \u201cEncontro Cora\u00e7\u00e3o Novo para um Mundo Novo: Evangeliza\u00e7\u00e3o na Vida P\u00fablica\u201d, um momento de reflex\u00e3o e di\u00e1logo sobre a rela\u00e7\u00e3o entre a nova evangeliza\u00e7\u00e3o e a participa\u00e7\u00e3o na vida p\u00fablica, voltado a membros de novas comunidades, movimentos eclesiais e todos os interessados no tema.<br \/>O documento de Lineamenta para a XIII Assembleia do S\u00ednodo dos Bispos sobre a Nova Evangeliza\u00e7\u00e3o apresenta a nova evangeliza\u00e7\u00e3o como \u201cuma atitude, um estilo audaz\u201d, \u201cuma capacidade de saber ler e decifrar os novos cen\u00e1rios [&#8230;] sociais, culturais, econ\u00f4micos, pol\u00edticos, religiosos\u201d. Por isso, a vida p\u00fablica \u00e9 o espa\u00e7o por excel\u00eancia da nova evangeliza\u00e7\u00e3o.<br \/>Partindo desse ponto, o Encontro quer promover a reflex\u00e3o sobre como \u2013 a partir do carisma eclesial e da realidade social que cada um vive \u2013 participar juntos, em comunh\u00e3o, e de forma efetiva no processo de evangeliza\u00e7\u00e3o de nossa sociedade. Quer ser um espa\u00e7o onde podemos nos ajudar a responder juntos a perguntas como: O que o meu carisma tem a oferecer ao mundo? E ao desenvolvimento de nosso pa\u00eds? E de nossa cidade? Somente uma participa\u00e7\u00e3o na vida p\u00fablica que passe pelo mist\u00e9rio de nosso cora\u00e7\u00e3o \u00e9 capaz de causar o impacto que queremos e gerar um mundo novo.<br \/>Este evento est\u00e1 sendo organizado pelo \u201cGrupo Cora\u00e7\u00e3o Novo para um Mundo Novo\u201d, composto por cinco novas comunidades e movimentos (Comunidade Alian\u00e7a de Cristo Rei; Comunidade Alian\u00e7a de Miseric\u00f3rdia; Comunidade Betel Santa M\u00e3e de Deus; Comunidade Totus Mariae e Miss\u00e3o Veritatis Mater) e conta com o apoio do N\u00facleo F\u00e9 e Cultura da PUC-SP e da Associa\u00e7\u00e3o para a Nova Evangeliza\u00e7\u00e3o (ANEV) da Arquidiocese de S\u00e3o Paulo, associa\u00e7\u00e3o formada igualmente por novas comunidades e movimentos.<\/p>\n<p><strong>Data e local:<\/strong><br \/>07 de dezembro de 2013, S\u00e1bado, das 9h \u00e0s 19h<br \/>PUC-SP, campus Perdizes, Edif\u00edcio Bandeira de Melo &#8211; Audit\u00f3rio 239<\/p>\n<p><strong>Contatos:<\/strong><br \/><strong>Marcos Greg\u00f3rio Borges, fone (11) 99244-7562, e-mail<\/strong> <a href=\"mailto:marcosphn_borges@msn.com\">marcosphn_borges@msn.com<\/a> <br \/><strong>Cl\u00e1udia Marcello Sant\u2019Anna, fone (11) 3670-8486, e-mail<\/strong> <a href=\"http:\/\/mce_host\/fecultura@pucsp.br.\">fecultura@pucsp.br. <\/a><\/p>\n<p style=\"text-align: justify;\">\u00a0<\/p>\n<p style=\"text-align: justify;\"><strong>Local: Perdizes<br \/>Fonte: PUC-SP<\/strong><\/p>\n","protected":false},"excerpt":{"rendered":"<p>Todos n\u00f3s sabemos que a crise da humanidade contempor\u00e2nea n\u00e3o \u00e9 superficial, mas profunda. Por isso, enquanto exorta a ter a coragem de ir contra a corrente, de se converter dos \u00eddolos para o \u00fanico Deus verdadeiro, a nova evangeliza\u00e7\u00e3o n\u00e3o pode deixar de recorrer \u00e0 linguagem da miseric\u00f3rdia. [&#8230;] A Igreja \u00e9 enviada a [&hellip;]<\/p>\n","protected":false},"author":1,"featured_media":0,"comment_status":"closed","ping_status":"closed","sticky":false,"template":"","format":"standard","meta":{"footnotes":""},"categories":[4],"tags":[],"class_list":["post-3518","post","type-post","status-publish","format-standard","hentry","category-cotidiano"],"_links":{"self":[{"href":"https:\/\/catolicanet.net\/wp-cnet\/wp-json\/wp\/v2\/posts\/3518","targetHints":{"allow":["GET"]}}],"collection":[{"href":"https:\/\/catolicanet.net\/wp-cnet\/wp-json\/wp\/v2\/posts"}],"about":[{"href":"https:\/\/catolicanet.net\/wp-cnet\/wp-json\/wp\/v2\/types\/post"}],"author":[{"embeddable":true,"href":"https:\/\/catolicanet.net\/wp-cnet\/wp-json\/wp\/v2\/users\/1"}],"replies":[{"embeddable":true,"href":"https:\/\/catolicanet.net\/wp-cnet\/wp-json\/wp\/v2\/comments?post=3518"}],"version-history":[{"count":1,"href":"https:\/\/catolicanet.net\/wp-cnet\/wp-json\/wp\/v2\/posts\/3518\/revisions"}],"predecessor-version":[{"id":7815,"href":"https:\/\/catolicanet.net\/wp-cnet\/wp-json\/wp\/v2\/posts\/3518\/revisions\/7815"}],"wp:attachment":[{"href":"https:\/\/catolicanet.net\/wp-cnet\/wp-json\/wp\/v2\/media?parent=3518"}],"wp:term":[{"taxonomy":"category","embeddable":true,"href":"https:\/\/catolicanet.net\/wp-cnet\/wp-json\/wp\/v2\/categories?post=3518"},{"taxonomy":"post_tag","embeddable":true,"href":"https:\/\/catolicanet.net\/wp-cnet\/wp-json\/wp\/v2\/tags?post=3518"}],"curies":[{"name":"wp","href":"https:\/\/api.w.org\/{rel}","templated":true}]}}