{"id":3517,"date":"2013-11-26T12:57:44","date_gmt":"2013-11-26T14:57:44","guid":{"rendered":"http:\/\/catolicanet.net\/wp-cnet\/alegria-do-evangelho-publicada-primeira-exortacao-apostolica-do-papa-francisco\/"},"modified":"2017-03-23T17:03:42","modified_gmt":"2017-03-23T20:03:42","slug":"alegria-do-evangelho-publicada-primeira-exortacao-apostolica-do-papa-francisco","status":"publish","type":"post","link":"https:\/\/catolicanet.net\/wp-cnet\/alegria-do-evangelho-publicada-primeira-exortacao-apostolica-do-papa-francisco\/","title":{"rendered":"\u201cAlegria do Evangelho\u201d: publicada primeira exorta\u00e7\u00e3o apost\u00f3lica do Papa Francisco"},"content":{"rendered":"<p style=\"text-align: justify;\"><img loading=\"lazy\" decoding=\"async\" src=\"http:\/\/catolicanet.com.br\/images\/stories\/papafranciscoexortacao.jpg\" border=\"0\" width=\"226\" height=\"251\" align=\"left\" \/>Foi divulgada nesta ter\u00e7a-feira, 26 de novembro, o texto da Exorta\u00e7\u00e3o Apost\u00f3lica Evangelii Gaudium, a primeira de pontificado do papa Francisco. O documento j\u00e1 havia sido entregue, de forma simb\u00f3lica, no \u00faltimo domingo, durante a celebra\u00e7\u00e3o de encerramento do ano da F\u00e9. Hoje, o texto foi publicado na internet em v\u00e1rios idiomas.<\/p>\n<p>A exorta\u00e7\u00e3o fala sobre o an\u00fancio do evangelho no mundo atual. No texto, Francisco prop\u00f5e \u201calgumas diretrizes que possam encorajar e orientar, em toda a Igreja, uma nova etapa evangelizadora, cheia de ardor e dinamismo\u201d. O pont\u00edfice toma como base a doutrina da Constitui\u00e7\u00e3o dogm\u00e1tica Lumen gentium, e aborda, entre outros pontos, as transforma\u00e7\u00e3o da Igreja mission\u00e1ria, as tenta\u00e7\u00f5es dos agentes pastorais, a prepara\u00e7\u00e3o da homilia, a inclus\u00e3o social dos pobres e as motiva\u00e7\u00f5es espirituais para o compromisso mission\u00e1rio.<\/p>\n<p>Dividida em cinco cap\u00edtulos, o tamb\u00e9m recolhe a contribui\u00e7\u00e3o dos trabalhos do S\u00ednodo dos Bispos, realizado no Vaticano em 2012, com o tema &#8220;A nova evangeliza\u00e7\u00e3o para a transmiss\u00e3o da f\u00e9&#8221;. Para ler a tradu\u00e7\u00e3o do texto em portugu\u00eas,<a href=\"http:\/\/pt.radiovaticana.va\/news\/2013\/11\/26\/primeira_exorta%C3%A7%C3%A3o_apost%C3%B3lica_de_papa_francisco;_texto_na_%C3%ADntegra_de_e\/bra-750057\"> clique aqui<\/a>.<\/p>\n<p style=\"text-align: justify;\">\u00a0<\/p>\n<p style=\"text-align: justify;\"><strong>Local: Bras\u00edlia (DF)<br \/>Fonte: CNBB<\/strong><\/p>\n","protected":false},"excerpt":{"rendered":"<p>Foi divulgada nesta ter\u00e7a-feira, 26 de novembro, o texto da Exorta\u00e7\u00e3o Apost\u00f3lica Evangelii Gaudium, a primeira de pontificado do papa Francisco. O documento j\u00e1 havia sido entregue, de forma simb\u00f3lica, no \u00faltimo domingo, durante a celebra\u00e7\u00e3o de encerramento do ano da F\u00e9. Hoje, o texto foi publicado na internet em v\u00e1rios idiomas. A exorta\u00e7\u00e3o fala [&hellip;]<\/p>\n","protected":false},"author":1,"featured_media":0,"comment_status":"closed","ping_status":"closed","sticky":false,"template":"","format":"standard","meta":{"footnotes":""},"categories":[7],"tags":[],"class_list":["post-3517","post","type-post","status-publish","format-standard","hentry","category-cnbb"],"_links":{"self":[{"href":"https:\/\/catolicanet.net\/wp-cnet\/wp-json\/wp\/v2\/posts\/3517","targetHints":{"allow":["GET"]}}],"collection":[{"href":"https:\/\/catolicanet.net\/wp-cnet\/wp-json\/wp\/v2\/posts"}],"about":[{"href":"https:\/\/catolicanet.net\/wp-cnet\/wp-json\/wp\/v2\/types\/post"}],"author":[{"embeddable":true,"href":"https:\/\/catolicanet.net\/wp-cnet\/wp-json\/wp\/v2\/users\/1"}],"replies":[{"embeddable":true,"href":"https:\/\/catolicanet.net\/wp-cnet\/wp-json\/wp\/v2\/comments?post=3517"}],"version-history":[{"count":1,"href":"https:\/\/catolicanet.net\/wp-cnet\/wp-json\/wp\/v2\/posts\/3517\/revisions"}],"predecessor-version":[{"id":7816,"href":"https:\/\/catolicanet.net\/wp-cnet\/wp-json\/wp\/v2\/posts\/3517\/revisions\/7816"}],"wp:attachment":[{"href":"https:\/\/catolicanet.net\/wp-cnet\/wp-json\/wp\/v2\/media?parent=3517"}],"wp:term":[{"taxonomy":"category","embeddable":true,"href":"https:\/\/catolicanet.net\/wp-cnet\/wp-json\/wp\/v2\/categories?post=3517"},{"taxonomy":"post_tag","embeddable":true,"href":"https:\/\/catolicanet.net\/wp-cnet\/wp-json\/wp\/v2\/tags?post=3517"}],"curies":[{"name":"wp","href":"https:\/\/api.w.org\/{rel}","templated":true}]}}