{"id":35161,"date":"2017-09-05T09:28:53","date_gmt":"2017-09-05T12:28:53","guid":{"rendered":"http:\/\/catolicanet.net\/wp-cnet\/?p=35161"},"modified":"2017-11-23T09:03:33","modified_gmt":"2017-11-23T11:03:33","slug":"secretario-geral-incentiva-a-participacao-no-dia-de-jejum-e-oracao-pelo-brasil","status":"publish","type":"post","link":"https:\/\/catolicanet.net\/wp-cnet\/secretario-geral-incentiva-a-participacao-no-dia-de-jejum-e-oracao-pelo-brasil\/","title":{"rendered":"Secret\u00e1rio-Geral incentiva a participa\u00e7\u00e3o no Dia de Jejum e ora\u00e7\u00e3o pelo Brasil"},"content":{"rendered":"<p>O Brasil passa por um momento dif\u00edcil e de apreens\u00e3o. A realidade econ\u00f4mica, pol\u00edtica, \u00e9tica est\u00e1 acompanhada de viol\u00eancia e desesperan\u00e7a. Diante dessa realidade, a Confer\u00eancia Nacional dos Bispos do Brasil (CNBB) conclama todos crist\u00e3os e pessoas de boa vontade a se unirem em um profundo e intenso momento de ora\u00e7\u00e3o pelo pa\u00eds. At\u00e9 o dia 7 de setembro, comunidades, par\u00f3quias, dioceses e regionais da confer\u00eancia s\u00e3o chamados a realizarem a Jornada de Ora\u00e7\u00e3o pelo Brasil.<\/p>\n<p>Segundo o bispo auxiliar de Bras\u00edlia e secret\u00e1rio-geral da CNBB, dom Leonardo Steiner, a Jornada de Ora\u00e7\u00e3o \u00e9 um convite aos crist\u00e3os cat\u00f3licos brasileiros a entrar e despertar para a realidade brasileira por meio da ora\u00e7\u00e3o e jejum. \u201cA ora\u00e7\u00e3o nos abre um horizonte de compreens\u00e3o para al\u00e9m da nossa realidade imediata e nos convida a dar nossa contribui\u00e7\u00e3o como crist\u00e3os e cat\u00f3licos\u201d, disse.<\/p>\n<p>Neste momento em que se celebra a Independ\u00eancia do Brasil, o secret\u00e1rio-geral afirma ser necess\u00e1rio lembrar do Brasil e, como crist\u00e3os cat\u00f3licos, participar ativamente da vida da nossa sociedade brasileira. \u201cN\u00e3o podemos continuar com a pol\u00edtica e com o momento tenso que estamos vivendo de viol\u00eancia e agress\u00f5es e desprezo das rela\u00e7\u00f5es sociais. \u00c9 necess\u00e1rio buscar um reequil\u00edbrio a partir da \u00e9tica\u201d, disse o religioso.<\/p>\n<p>O Dia de Ora\u00e7\u00e3o e Jejum sugerido \u00e9 o dia 7 de setembro, data que marca a Independ\u00eancia do Brasil. Com o tema \u201cDia da P\u00e1tria: Vida em primeiro lugar\u201d e o lema \u201cA paz \u00e9 o nome de Deus\u201d (Papa Francisco), a CNBB enviou uma carta a todos os bispos brasileiros com uma ora\u00e7\u00e3o. (confira abaixo).<\/p>\n<p>Um dos trechos da ora\u00e7\u00e3o, encaminhada pelo Conselho Permanente da CNBB a todos os bispos do pa\u00eds, pede:<\/p>\n<p>\u201cVivemos um momento triste, marcado por injusti\u00e7as e viol\u00eancia. Para construirmos a justi\u00e7a e a paz, em nosso pa\u00eds, necessitamos muito do vosso amor misericordioso, que nunca se cansa de perdoar\u201d.<\/p>\n<p>Veja a \u00edntegra da ora\u00e7\u00e3o:<\/p>\n<p>JORNADA DE ORA\u00c7\u00c3O PELO BRASIL<\/p>\n<p>Semana da P\u00e1tria<br \/>\n1\u00ba a 07 de setembro de 2017<br \/>\n07 de setembro \u2013 dia da P\u00e1tria: Vida em primeiro lugar<br \/>\n\u201cA paz \u00e9 o nome de Deus\u201d (Papa Francisco)<\/p>\n<p>Diante do grave momento vivido por nosso pa\u00eds, dirijamos nossa ora\u00e7\u00e3o a Deus, pedindo a b\u00ean\u00e7\u00e3o da paz para o Brasil.<\/p>\n<p>Pai misericordioso, n\u00f3s vos pedimos pelo Brasil!<\/p>\n<p>Vivemos um momento triste, marcado por injusti\u00e7as e viol\u00eancia. Para construirmos a justi\u00e7a e a paz, em nosso pa\u00eds, necessitamos muito do vosso amor misericordioso, que nunca se cansa de perdoar.<\/p>\n<p>Pai misericordioso, n\u00f3s vos pedimos pelo Brasil!<\/p>\n<p>Estamos indignados, diante de tanta corrup\u00e7\u00e3o e viol\u00eancia que espalham morte e inseguran\u00e7a. Pedimos perd\u00e3o e convers\u00e3o. N\u00f3s cremos no vosso amor misericordioso que nos ajuda a vencer as causas dos graves problemas do Pa\u00eds: injusti\u00e7a e desigualdade, ambi\u00e7\u00e3o de poder e gan\u00e2ncia, explora\u00e7\u00e3o e desprezo pela vida humana.<\/p>\n<p>Pai misericordioso, n\u00f3s vos pedimos pelo Brasil!<\/p>\n<p>Ajudai-nos a construir um pa\u00eds justo e fraterno. Que todos estejamos atentos \u00e0s necessidades das pessoas mais fragilizadas e indefesas! Que o di\u00e1logo e o respeito ven\u00e7am o \u00f3dio e os conflitos! Que as barreiras sejam superadas por meio do encontro e da reconcilia\u00e7\u00e3o! Que a pol\u00edtica esteja, de fato, a servi\u00e7o da pessoa e da sociedade e n\u00e3o dos interesses pessoais, partid\u00e1rios e de grupos.<\/p>\n<p>Pai misericordioso, n\u00f3s vos pedimos pelo Brasil!<\/p>\n<p>Vosso Filho, Jesus, nos ensinou: \u201cPedi e recebereis\u201d. Por isso, n\u00f3s vos pedimos confiantes: fazei que n\u00f3s, brasileiros e brasileiras, sejamos agentes da paz, iluminados pela Palavra e alimentados pela Eucaristia.<\/p>\n<p>Pai misericordioso, n\u00f3s vos pedimos pelo Brasil!<\/p>\n<p>Vosso filho Jesus est\u00e1 no meio de n\u00f3s, trazendo-nos esperan\u00e7a e for\u00e7a para caminhar. A comunh\u00e3o eucar\u00edstica seja fonte de comunh\u00e3o fraterna e de paz, em nossas comunidades, nas fam\u00edlias e nas ruas.<\/p>\n<p>Pai misericordioso, n\u00f3s vos pedimos pelo Brasil!<\/p>\n<p>Neste ano em que celebramos os 300 anos do encontro da imagem de Nossa Senhora Aparecida, queremos seguir o exemplo de Maria, permanecendo unidos a Jesus Cristo, que convosco vive, na unidade do Esp\u00edrito Santo.<\/p>\n<p>Am\u00e9m!<br \/>\n(Pai nosso! Ave, Maria! Gl\u00f3ria ao Pai, ao Filho e ao Esp\u00edrito Santo!)<\/p>\n<p>Veja a \u00edntegra da carta:<\/p>\n<p>Bras\u00edlia-DF, 10 de agosto de 2017<br \/>\nSG \u2013 N\u00ba. 0500\/17<\/p>\n<p>Prezado irm\u00e3o no episcopado,<br \/>\nUnidos para servir!<\/p>\n<p>Vivemos um momento dif\u00edcil e de apreens\u00e3o no Brasil. A realidade econ\u00f4mica, pol\u00edtica, \u00e9tica vem acompanhada de viol\u00eancia e desesperan\u00e7a.<\/p>\n<p>O Conselho Permanente, ao refletir o momento vivido, pediu que a Presid\u00eancia enviasse carta ao irm\u00e3o, sugerindo um Dia de jejum e ora\u00e7\u00e3o pelo Brasil. Pediu igualmente que fosse enviada uma ora\u00e7\u00e3o que pudesse ser rezada nas comunidades e fam\u00edlias.<\/p>\n<p>O dia de ora\u00e7\u00e3o e jejum sugerido \u00e9 o dia 7 de setembro pr\u00f3ximo. A ora\u00e7\u00e3o que enviamos tamb\u00e9m em anexo \u00e9 a mesma que rezamos no dia de Corpus Christi. Houve uma adapta\u00e7\u00e3o na \u00faltima prece.<\/p>\n<p>Convidamos o irm\u00e3o a incentivar a participa\u00e7\u00e3o das comunidades e fam\u00edlias no Dia de Jejum e ora\u00e7\u00e3o pelo Brasil.<\/p>\n<p>Em Cristo, unidos para servir,<\/p>\n<p>Cardeal Sergio da Rocha\u00a0\u00a0\u00a0\u00a0\u00a0\u00a0\u00a0\u00a0\u00a0\u00a0\u00a0\u00a0\u00a0\u00a0\u00a0\u00a0\u00a0\u00a0\u00a0\u00a0\u00a0\u00a0\u00a0\u00a0\u00a0\u00a0\u00a0\u00a0\u00a0\u00a0\u00a0\u00a0\u00a0\u00a0\u00a0\u00a0 Dom Murilo S. R. Krieger<br \/>\nArcebispo de Bras\u00edlia \u2013 DF\u00a0\u00a0\u00a0\u00a0\u00a0\u00a0\u00a0\u00a0\u00a0\u00a0\u00a0\u00a0\u00a0\u00a0\u00a0\u00a0\u00a0\u00a0\u00a0\u00a0\u00a0\u00a0\u00a0\u00a0\u00a0\u00a0\u00a0\u00a0\u00a0\u00a0\u00a0\u00a0\u00a0\u00a0\u00a0\u00a0\u00a0\u00a0\u00a0\u00a0\u00a0 Arcebispo de S\u00e3o Salvador<br \/>\nPresidente da CNBB\u00a0\u00a0\u00a0\u00a0\u00a0\u00a0\u00a0\u00a0\u00a0\u00a0\u00a0\u00a0\u00a0\u00a0\u00a0\u00a0\u00a0\u00a0\u00a0\u00a0\u00a0\u00a0\u00a0\u00a0\u00a0\u00a0\u00a0\u00a0\u00a0\u00a0\u00a0\u00a0\u00a0\u00a0\u00a0\u00a0\u00a0\u00a0\u00a0\u00a0\u00a0\u00a0\u00a0\u00a0\u00a0\u00a0\u00a0\u00a0 Vice-presidente da CNBB<\/p>\n<p>Dom Leonardo Ulrich Steiner<br \/>\nBispo Auxiliar de Bras\u00edlia \u2013 DF<br \/>\nSecret\u00e1rio-Geral da CNBB<\/p>\n<p>&nbsp;<\/p>\n<p>Fonte: CNBB<\/p>\n","protected":false},"excerpt":{"rendered":"<p>O Brasil passa por um momento dif\u00edcil e de apreens\u00e3o. A realidade econ\u00f4mica, pol\u00edtica, \u00e9tica est\u00e1 acompanhada de viol\u00eancia e desesperan\u00e7a. Diante dessa realidade, a Confer\u00eancia Nacional dos Bispos do Brasil (CNBB) conclama todos crist\u00e3os e pessoas de boa vontade a se unirem em um profundo e intenso momento de ora\u00e7\u00e3o pelo pa\u00eds. At\u00e9 o [&hellip;]<\/p>\n","protected":false},"author":1,"featured_media":35162,"comment_status":"open","ping_status":"closed","sticky":false,"template":"","format":"standard","meta":{"footnotes":""},"categories":[7],"tags":[],"class_list":["post-35161","post","type-post","status-publish","format-standard","has-post-thumbnail","hentry","category-cnbb"],"_links":{"self":[{"href":"https:\/\/catolicanet.net\/wp-cnet\/wp-json\/wp\/v2\/posts\/35161","targetHints":{"allow":["GET"]}}],"collection":[{"href":"https:\/\/catolicanet.net\/wp-cnet\/wp-json\/wp\/v2\/posts"}],"about":[{"href":"https:\/\/catolicanet.net\/wp-cnet\/wp-json\/wp\/v2\/types\/post"}],"author":[{"embeddable":true,"href":"https:\/\/catolicanet.net\/wp-cnet\/wp-json\/wp\/v2\/users\/1"}],"replies":[{"embeddable":true,"href":"https:\/\/catolicanet.net\/wp-cnet\/wp-json\/wp\/v2\/comments?post=35161"}],"version-history":[{"count":1,"href":"https:\/\/catolicanet.net\/wp-cnet\/wp-json\/wp\/v2\/posts\/35161\/revisions"}],"predecessor-version":[{"id":35163,"href":"https:\/\/catolicanet.net\/wp-cnet\/wp-json\/wp\/v2\/posts\/35161\/revisions\/35163"}],"wp:featuredmedia":[{"embeddable":true,"href":"https:\/\/catolicanet.net\/wp-cnet\/wp-json\/wp\/v2\/media\/35162"}],"wp:attachment":[{"href":"https:\/\/catolicanet.net\/wp-cnet\/wp-json\/wp\/v2\/media?parent=35161"}],"wp:term":[{"taxonomy":"category","embeddable":true,"href":"https:\/\/catolicanet.net\/wp-cnet\/wp-json\/wp\/v2\/categories?post=35161"},{"taxonomy":"post_tag","embeddable":true,"href":"https:\/\/catolicanet.net\/wp-cnet\/wp-json\/wp\/v2\/tags?post=35161"}],"curies":[{"name":"wp","href":"https:\/\/api.w.org\/{rel}","templated":true}]}}