{"id":35146,"date":"2017-08-31T14:09:11","date_gmt":"2017-08-31T17:09:11","guid":{"rendered":"http:\/\/catolicanet.net\/wp-cnet\/?p=35146"},"modified":"2017-11-22T11:49:55","modified_gmt":"2017-11-22T13:49:55","slug":"religiosas-com-sindrome-de-down-integram-comunidade-contemplativa-na-franca","status":"publish","type":"post","link":"https:\/\/catolicanet.net\/wp-cnet\/religiosas-com-sindrome-de-down-integram-comunidade-contemplativa-na-franca\/","title":{"rendered":"Religiosas com S\u00edndrome de Down integram comunidade contemplativa na Fran\u00e7a"},"content":{"rendered":"<p>PARIS, 30 Ago. 17 \/ 05:30 pm (ACI).- Em Le Blanc, Fran\u00e7a, mulheres com S\u00edndrome de Down e que ouvem o chamado de Deus a uma vida religiosa t\u00eam a oportunidade de dar seu \u2018sim\u2019 ao Senhor por meio das Irm\u00e3zinhas Disc\u00edpulas do Cordeiro (Le petites soeurs disciples de l\u2019Agneau).<\/p>\n<p>Fundadas em 1985, com uma voca\u00e7\u00e3o contemplativa, estas religiosas se apoiam na Regra de S\u00e3o Bento e no caminho da Inf\u00e2ncia Espiritual de Santa Teresa do Menino Jesus.<\/p>\n<p>Oferecem \u00e0s jovens com s\u00edndrome de Down a possibilidade de realizar sua voca\u00e7\u00e3o religiosa, acompanhadas por outras irm\u00e3s da comunidade que n\u00e3o apresentam a mesma condi\u00e7\u00e3o.<\/p>\n<p>Conforme relata o site das Irm\u00e3zinhas, tudo come\u00e7ou com o encontro de duas mulheres: Madre Line, atual priora da comunidade, e Ir. Veronique, uma jovem com s\u00edndrome de Down, que hoje \u00e9 religiosa.<\/p>\n<p>Madre Line notou uma verdadeira voca\u00e7\u00e3o em Veronique e soube que ela precisaria de ajuda, porque todas as comunidades religiosas nas quais ela se apresentou se mostraram relutantes em receb\u00ea-la.<\/p>\n<p>Assim, assinalam no site, \u201cano ap\u00f3s ano, a comunidade \u2013 reconhecida pela Igreja e guiada pelo Esp\u00edrito Santo \u2013 adaptou-se \u00e0 S\u00edndrome de Down e \u00e0 vida religiosa com esta condi\u00e7\u00e3o\u201d.<\/p>\n<p>A comunidade foi reconhecida em 1990 pelo ent\u00e3o Arcebispo de Tours, Dom Jean Honor\u00e9, como uma associa\u00e7\u00e3o p\u00fablica de fi\u00e9is leigos, o que foi confirmado em 1995 pelo ent\u00e3o Bispo de Bourges, Dom Pierre Plateau.<\/p>\n<p>Em dezembro de 2011, Dom Armand Maillard, Bispo de Bourges, aprovou definitivamente a Constitui\u00e7\u00e3o do Instituto das Irm\u00e3zinhas Disc\u00edpulas do Cordeiro.<\/p>\n<p>Em sua vida cotidiana, estas religiosas participam da Missa, rezam e realizam trabalhos de costura, bordados, confeitaria, entre outros. A comunidade recebe assist\u00eancia do mosteiro beneditino de Fontgombault.<\/p>\n<p>Em declara\u00e7\u00f5es ao jorna espanhol \u2018La Raz\u00f3n\u2019, em 2009, Madre Line expressou que \u201cno \u00e2mbito espiritual, os termos de \u2018validez\u2019 e de \u2018incapacidade\u2019 devem se relativizar\u201d, pois \u201ca incapacidade mais grave acaso n\u00e3o \u00e9 aquela produzida pelo pecado, que obstaculiza a vida de Deus na alma?\u201d, pergunta-se.<\/p>\n<p>Para a religiosa, \u201cuma pessoa que acolhe plenamente a gra\u00e7a se constr\u00f3i e se abre tamb\u00e9m humanamente\u201d.<\/p>\n<p>Em 2005, por ocasi\u00e3o de seus 20 anos de funda\u00e7\u00e3o, Dom Pierre Plateau animou as irm\u00e3zinhas a seguir respondendo o chamado de Cristo e assinalou que, \u201cporque as ama, Jesus as chamou, provavelmente porque quer que sua pequena comunidade mostre a um mundo que pode ser muito ego\u00edsta a ternura de Deus para todos os que o reconhecem e como os pequenos s\u00e3o capazes de demonstrar muito amor e provavelmente mais do que outros. \u00c9 sua maneira de proclamar a Boa Nova\u201d.<\/p>\n<p>&nbsp;<\/p>\n<p>Fonte: Acidigital<\/p>\n","protected":false},"excerpt":{"rendered":"<p>PARIS, 30 Ago. 17 \/ 05:30 pm (ACI).- Em Le Blanc, Fran\u00e7a, mulheres com S\u00edndrome de Down e que ouvem o chamado de Deus a uma vida religiosa t\u00eam a oportunidade de dar seu \u2018sim\u2019 ao Senhor por meio das Irm\u00e3zinhas Disc\u00edpulas do Cordeiro (Le petites soeurs disciples de l\u2019Agneau). Fundadas em 1985, com uma [&hellip;]<\/p>\n","protected":false},"author":1,"featured_media":35147,"comment_status":"open","ping_status":"closed","sticky":false,"template":"","format":"standard","meta":{"footnotes":""},"categories":[4],"tags":[],"class_list":["post-35146","post","type-post","status-publish","format-standard","has-post-thumbnail","hentry","category-cotidiano"],"_links":{"self":[{"href":"https:\/\/catolicanet.net\/wp-cnet\/wp-json\/wp\/v2\/posts\/35146","targetHints":{"allow":["GET"]}}],"collection":[{"href":"https:\/\/catolicanet.net\/wp-cnet\/wp-json\/wp\/v2\/posts"}],"about":[{"href":"https:\/\/catolicanet.net\/wp-cnet\/wp-json\/wp\/v2\/types\/post"}],"author":[{"embeddable":true,"href":"https:\/\/catolicanet.net\/wp-cnet\/wp-json\/wp\/v2\/users\/1"}],"replies":[{"embeddable":true,"href":"https:\/\/catolicanet.net\/wp-cnet\/wp-json\/wp\/v2\/comments?post=35146"}],"version-history":[{"count":1,"href":"https:\/\/catolicanet.net\/wp-cnet\/wp-json\/wp\/v2\/posts\/35146\/revisions"}],"predecessor-version":[{"id":35148,"href":"https:\/\/catolicanet.net\/wp-cnet\/wp-json\/wp\/v2\/posts\/35146\/revisions\/35148"}],"wp:featuredmedia":[{"embeddable":true,"href":"https:\/\/catolicanet.net\/wp-cnet\/wp-json\/wp\/v2\/media\/35147"}],"wp:attachment":[{"href":"https:\/\/catolicanet.net\/wp-cnet\/wp-json\/wp\/v2\/media?parent=35146"}],"wp:term":[{"taxonomy":"category","embeddable":true,"href":"https:\/\/catolicanet.net\/wp-cnet\/wp-json\/wp\/v2\/categories?post=35146"},{"taxonomy":"post_tag","embeddable":true,"href":"https:\/\/catolicanet.net\/wp-cnet\/wp-json\/wp\/v2\/tags?post=35146"}],"curies":[{"name":"wp","href":"https:\/\/api.w.org\/{rel}","templated":true}]}}