{"id":35128,"date":"2017-08-30T15:37:23","date_gmt":"2017-08-30T18:37:23","guid":{"rendered":"http:\/\/catolicanet.net\/wp-cnet\/?p=35128"},"modified":"2017-11-22T11:34:00","modified_gmt":"2017-11-22T13:34:00","slug":"parabola-da-indecisao","status":"publish","type":"post","link":"https:\/\/catolicanet.net\/wp-cnet\/parabola-da-indecisao\/","title":{"rendered":"Par\u00e1bola da indecis\u00e3o"},"content":{"rendered":"<p>Voc\u00ea \u00e9 do tipo que &#8220;fica em cima do muro&#8221;?<\/p>\n<p>Havia um grande muro separando dois grandes grupos.<\/p>\n<p>De um lado do muro estavam Deus, os anjos e os servos leais de Deus.<\/p>\n<p>Do outro lado do muro estavam Satan\u00e1s, seus dem\u00f4nios e todos os humanos que n\u00e3o servem a Deus.<\/p>\n<p>E em cima do muro havia um jovem indeciso, que havia sido criado num lar crist\u00e3o, mas que agora estava em d\u00favida se continuaria servindo a Deus ou se deveria aproveitar um pouco os prazeres do mundo.<\/p>\n<p>O jovem indeciso observou que o grupo do lado de Deus chamava e gritava sem parar para ele:<\/p>\n<p>\u2013 Ei, desce do muro agora\u2026 Vem pra c\u00e1!<\/p>\n<p>J\u00e1 o grupo de Satan\u00e1s n\u00e3o gritava e nem dizia nada. Essa situa\u00e7\u00e3o continuou por um tempo, at\u00e9 que o jovem indeciso resolveu perguntar a Satan\u00e1s:<\/p>\n<p>\u2013 O grupo do lado de Deus fica o tempo todo me chamando para descer e ficar do lado deles. Por que voc\u00ea e seu grupo n\u00e3o me chamam e nem dizem nada para me convencer a descer para o lado de voc\u00eas?<\/p>\n<p>Grande foi a surpresa do jovem quando Satan\u00e1s respondeu:<\/p>\n<p>\u2013 \u00c9 porque o muro \u00e9 MEU.<\/p>\n<p>* * *<\/p>\n<p>Reflex\u00e3o: Nunca se esque\u00e7a: N\u00e3o existe meio termo. O muro j\u00e1 tem dono. Pense nisso.<\/p>\n<p>&nbsp;<\/p>\n<p>Fonte: Aleteia<\/p>\n","protected":false},"excerpt":{"rendered":"<p>Voc\u00ea \u00e9 do tipo que &#8220;fica em cima do muro&#8221;? Havia um grande muro separando dois grandes grupos. De um lado do muro estavam Deus, os anjos e os servos leais de Deus. Do outro lado do muro estavam Satan\u00e1s, seus dem\u00f4nios e todos os humanos que n\u00e3o servem a Deus. E em cima do [&hellip;]<\/p>\n","protected":false},"author":1,"featured_media":35129,"comment_status":"open","ping_status":"closed","sticky":false,"template":"","format":"standard","meta":{"footnotes":""},"categories":[4],"tags":[],"class_list":["post-35128","post","type-post","status-publish","format-standard","has-post-thumbnail","hentry","category-cotidiano"],"_links":{"self":[{"href":"https:\/\/catolicanet.net\/wp-cnet\/wp-json\/wp\/v2\/posts\/35128","targetHints":{"allow":["GET"]}}],"collection":[{"href":"https:\/\/catolicanet.net\/wp-cnet\/wp-json\/wp\/v2\/posts"}],"about":[{"href":"https:\/\/catolicanet.net\/wp-cnet\/wp-json\/wp\/v2\/types\/post"}],"author":[{"embeddable":true,"href":"https:\/\/catolicanet.net\/wp-cnet\/wp-json\/wp\/v2\/users\/1"}],"replies":[{"embeddable":true,"href":"https:\/\/catolicanet.net\/wp-cnet\/wp-json\/wp\/v2\/comments?post=35128"}],"version-history":[{"count":1,"href":"https:\/\/catolicanet.net\/wp-cnet\/wp-json\/wp\/v2\/posts\/35128\/revisions"}],"predecessor-version":[{"id":35130,"href":"https:\/\/catolicanet.net\/wp-cnet\/wp-json\/wp\/v2\/posts\/35128\/revisions\/35130"}],"wp:featuredmedia":[{"embeddable":true,"href":"https:\/\/catolicanet.net\/wp-cnet\/wp-json\/wp\/v2\/media\/35129"}],"wp:attachment":[{"href":"https:\/\/catolicanet.net\/wp-cnet\/wp-json\/wp\/v2\/media?parent=35128"}],"wp:term":[{"taxonomy":"category","embeddable":true,"href":"https:\/\/catolicanet.net\/wp-cnet\/wp-json\/wp\/v2\/categories?post=35128"},{"taxonomy":"post_tag","embeddable":true,"href":"https:\/\/catolicanet.net\/wp-cnet\/wp-json\/wp\/v2\/tags?post=35128"}],"curies":[{"name":"wp","href":"https:\/\/api.w.org\/{rel}","templated":true}]}}