{"id":35110,"date":"2017-08-30T09:48:28","date_gmt":"2017-08-30T12:48:28","guid":{"rendered":"http:\/\/catolicanet.net\/wp-cnet\/?p=35110"},"modified":"2017-11-22T11:13:52","modified_gmt":"2017-11-22T13:13:52","slug":"bispo-de-bangassou-sera-dificil-a-reconstrucao","status":"publish","type":"post","link":"https:\/\/catolicanet.net\/wp-cnet\/bispo-de-bangassou-sera-dificil-a-reconstrucao\/","title":{"rendered":"Bispo de Bangassou: &#8220;Ser\u00e1 dif\u00edcil a reconstru\u00e7\u00e3o&#8221;"},"content":{"rendered":"<p>Dom Aguirre em frente a casa atacada pelos seleka Dom Aguirre em frente a casa atacada pelos seleka<\/p>\n<p>Dom Juan Jos\u00e9 Aguirre, bispo de Bangassou denunciou, h\u00e1 duas semanas, o ataque do grupo islamita a uma miss\u00e3o em Gambo, na sua diocese, localizada na regi\u00e3o sudeste da Rep\u00fablica Centro Africana. Se estima que houve 40 mortos, a maioria degolada pelas m\u00e3os dos jihadistas. O bispo falou para a ACN \u2013 Funda\u00e7\u00e3o Pontif\u00edcia Ajuda \u00e0 Igreja que Sofre \u2013 sobre a situa\u00e7\u00e3o atual e as calamidades que voltam a afligir a regi\u00e3o no cora\u00e7\u00e3o do continente africano.<br \/>\nJosu\u00e9 Villal\u00f3n (ACN): Nesse m\u00eas de agosto, a miss\u00e3o de Gambo sofreu um ataque, com v\u00e1rios mortos e pessoas que tiveram de ser deslocadas. Qual \u00e9 a situa\u00e7\u00e3o atual de Bangassou?<\/p>\n<p>Dom Aguirre:N\u00e3o se pode entender o que est\u00e1 acontecendo hoje em Bangassou, se n\u00e3o voltamos aos ataques ocorridos aqui h\u00e1 quatro anos pelos seleka. Estes foram financiados por investidores de petr\u00f3leo, apadrinhados pelo presidente Chad e, assim, tomaram a metade do pa\u00eds. S\u00e3o jihadistas que colocaram a Rep\u00fablica Centro Africana de pernas para o ar. Quatro anos depois, o governo n\u00e3o fez nada para retirar os seleka, a administra\u00e7\u00e3o tamb\u00e9m n\u00e3o, e nem a Minusca, os soldados da ONU, que inclusive convivem com eles como c\u00famplices. Agora, muitos jovens t\u00eam pegado as armas e se levantado contra os seleka. Conseguiram tir\u00e1-los da regi\u00e3o e come\u00e7aram a atacar a regi\u00e3o mu\u00e7ulmana em Bangassou. O conflito est\u00e1 entre os mu\u00e7ulmanos e os n\u00e3o-mu\u00e7ulmanos, que incluem muitos animistas e membros de seitas que n\u00e3o s\u00e3o crist\u00e3s. N\u00f3s tentamos proteger os mu\u00e7ulmanos que estavam ilhados, buscando se proteger numa mesquita; havia muitas mulheres e crian\u00e7as.<\/p>\n<p>O que conseguiram fazer para ajud\u00e1-los?<\/p>\n<p>Os defendemos por tr\u00eas dias, chegando a fazer at\u00e9 escudos humanos, e depois os levamos para o semin\u00e1rio da diocese, onde ainda est\u00e3o depois de quase dois meses. Estamos sustentando 2100 pessoas com aux\u00edlio de algumas ONGs e outras institui\u00e7\u00f5es, embora algumas delas tenham abandonado Bangassou em raz\u00e3o de alguns incidentes que aconteceram e n\u00e3o voltaram. Os antibalakas est\u00e3o indo para outras miss\u00f5es como Pema ou Gambo. Chegaram ali em resposta ao massacre dos seleka que mataram a muitos n\u00e3o-mu\u00e7ulmanos. A \u00faltima not\u00edcia que recebemos \u00e9 que, depois de uma semana, ainda h\u00e1 corpos para serem enterrados. As pessoas est\u00e3o muito decepcionadas com os soldados marroquinos da Minusca, que s\u00e3o soldados da ONU, supostamente em busca do estabelecimento da paz. Que Deus nos diga como sair deste labirinto.<\/p>\n<p>O Senhor conseguiu visitar a miss\u00e3o de Gambo, atacada pelos seleka?<\/p>\n<p>Ainda n\u00e3o pude ir \u00e0 miss\u00e3o de Gambo, por mais que seja perto de Bangassou. De l\u00e1, chegaram 2 mil pessoas deslocadas. No pr\u00f3ximo domingo, espero poder ir at\u00e9 l\u00e1 celebrar a Santa Missa. Temos enviado para eles alimentos e outros itens de ajuda de emerg\u00eancia. Pedimos a um padre e a um jornalista de uma ag\u00eancia francesa para irem at\u00e9 Gambo de moto. Eles nos disseram que a situa\u00e7\u00e3o \u00e9 deplor\u00e1vel. Isso tudo s\u00f3 pode ser entendido como o sil\u00eancio de Deus. Pessoas morreram no hospital da Cruz Vermelha depois de serem degoladas. Corpos que sangraram at\u00e9 a morte e agora est\u00e3o em decomposi\u00e7\u00e3o, pois n\u00e3o se conseguiu ainda enterr\u00e1-los. Estima-se que sejam uns 40 mortos. Parece que metade das aldeias foi incendiada, a igreja foi saqueada e, tamb\u00e9m como a casa dos padres, incendiada. Ser\u00e1 muito dif\u00edcil a reconstru\u00e7\u00e3o, mas acontecer\u00e1, com a gra\u00e7a de Deus encontraremos uma maneira de recompor tudo.<br \/>\nEntretanto, o Senhor teve a oportunidade de cruzar a fronteira at\u00e9 o Congo e visitar alguns refugiados que est\u00e3o l\u00e1. Como est\u00e1 a situa\u00e7\u00e3o deles? Como foi a celebra\u00e7\u00e3o eucar\u00edstica que o Senhor celebrou com esses refugiados?<\/p>\n<p>Foi muito bom. Atravessamos o rio de canoa, os antibalaka nos deixaram passar. Encontramos com cerca de 17 mil pessoas, das quais quase mil estavam na igreja nos esperando. Pudemos pregar alto e claro, levando esperan\u00e7a de novo para eles. Falamos que amanh\u00e3 ser\u00e1 melhor, que n\u00e3o podemos nos afogar como em um copo de \u00e1gua. Mas ainda h\u00e1 um certo grau de desespero. Falamos sobre a Virgem Maria porque era a festa da Assun\u00e7\u00e3o. Tentamos consolar e enxugar as l\u00e1grimas do meu povo. Em alguns momentos, n\u00e3o h\u00e1 nada para falar, s\u00f3 se pode ficar em sil\u00eancio e escutar. Essas pessoas t\u00eam passado por um grande sofrimento. Elas ficar\u00e3o esperando no Congo at\u00e9 que a situa\u00e7\u00e3o em Bangassou melhore. Eles retornar\u00e3o, mas ter\u00e3o que recome\u00e7ar do zero novamente. Encontrar\u00e3o suas vilas arruinadas e suas casas destru\u00eddas. Assim est\u00e1 a vida aqui, est\u00e1 muito dif\u00edcil. O sofrimento \u00e9 grande. S\u00f3 temos o consolo de Deus e, quando Ele n\u00e3o fala, temos o seu sil\u00eancio.<\/p>\n<p>Quais s\u00e3o as circunst\u00e2ncias atuais em Bangassou para que se possa acabar com essa situa\u00e7\u00e3o?<\/p>\n<p>Um governo centro-africano e um ex\u00e9rcito nacional que coloquem disciplina no pa\u00eds. O ex\u00e9rcito nacional se chama FACA, que est\u00e3o sendo formados, mais precisamente, pelos militares espanh\u00f3is. Mas eles se queixam por n\u00e3o possu\u00edrem armas. Entretanto, o armamento est\u00e1 entrando atrav\u00e9s do Chade, do Sud\u00e3o do Sul e do Congo clandestinamente. H\u00e1 muitos que est\u00e3o se enriquecendo com o neg\u00f3cio b\u00e9lico, controlado pelas multinacionais que incitam esses conflitos de baixa intensidade para lucrarem. O que acontece hoje conosco \u00e9 um exemplo disso. Mas n\u00e3o perdemos a esperan\u00e7a de que podemos seguir adiante, com a cabe\u00e7a erguida, apesar das dificuldades presentes. O Vaticano nomeou h\u00e1 pouco tempo como bispo auxiliar o sacerdote comboniano Jes\u00fas Ruiz Molina. Sua consagra\u00e7\u00e3o a bispo ser\u00e1 no dia 12 de novembro em Bangui. Com a sua ajuda, poderei acompanhar esse povo que est\u00e1 travando uma dura travessia pelo deserto.<\/p>\n<p>&nbsp;<\/p>\n<p>Fonte: ACN<\/p>\n","protected":false},"excerpt":{"rendered":"<p>Dom Aguirre em frente a casa atacada pelos seleka Dom Aguirre em frente a casa atacada pelos seleka Dom Juan Jos\u00e9 Aguirre, bispo de Bangassou denunciou, h\u00e1 duas semanas, o ataque do grupo islamita a uma miss\u00e3o em Gambo, na sua diocese, localizada na regi\u00e3o sudeste da Rep\u00fablica Centro Africana. Se estima que houve 40 [&hellip;]<\/p>\n","protected":false},"author":1,"featured_media":35111,"comment_status":"open","ping_status":"closed","sticky":false,"template":"","format":"standard","meta":{"footnotes":""},"categories":[4],"tags":[],"class_list":["post-35110","post","type-post","status-publish","format-standard","has-post-thumbnail","hentry","category-cotidiano"],"_links":{"self":[{"href":"https:\/\/catolicanet.net\/wp-cnet\/wp-json\/wp\/v2\/posts\/35110","targetHints":{"allow":["GET"]}}],"collection":[{"href":"https:\/\/catolicanet.net\/wp-cnet\/wp-json\/wp\/v2\/posts"}],"about":[{"href":"https:\/\/catolicanet.net\/wp-cnet\/wp-json\/wp\/v2\/types\/post"}],"author":[{"embeddable":true,"href":"https:\/\/catolicanet.net\/wp-cnet\/wp-json\/wp\/v2\/users\/1"}],"replies":[{"embeddable":true,"href":"https:\/\/catolicanet.net\/wp-cnet\/wp-json\/wp\/v2\/comments?post=35110"}],"version-history":[{"count":1,"href":"https:\/\/catolicanet.net\/wp-cnet\/wp-json\/wp\/v2\/posts\/35110\/revisions"}],"predecessor-version":[{"id":35112,"href":"https:\/\/catolicanet.net\/wp-cnet\/wp-json\/wp\/v2\/posts\/35110\/revisions\/35112"}],"wp:featuredmedia":[{"embeddable":true,"href":"https:\/\/catolicanet.net\/wp-cnet\/wp-json\/wp\/v2\/media\/35111"}],"wp:attachment":[{"href":"https:\/\/catolicanet.net\/wp-cnet\/wp-json\/wp\/v2\/media?parent=35110"}],"wp:term":[{"taxonomy":"category","embeddable":true,"href":"https:\/\/catolicanet.net\/wp-cnet\/wp-json\/wp\/v2\/categories?post=35110"},{"taxonomy":"post_tag","embeddable":true,"href":"https:\/\/catolicanet.net\/wp-cnet\/wp-json\/wp\/v2\/tags?post=35110"}],"curies":[{"name":"wp","href":"https:\/\/api.w.org\/{rel}","templated":true}]}}