{"id":35089,"date":"2017-08-29T14:04:26","date_gmt":"2017-08-29T17:04:26","guid":{"rendered":"http:\/\/catolicanet.net\/wp-cnet\/?p=35089"},"modified":"2017-11-22T10:44:36","modified_gmt":"2017-11-22T12:44:36","slug":"dia-contra-testes-nucleares-francisco-por-um-mundo-sem-armas-atomicas","status":"publish","type":"post","link":"https:\/\/catolicanet.net\/wp-cnet\/dia-contra-testes-nucleares-francisco-por-um-mundo-sem-armas-atomicas\/","title":{"rendered":"Dia contra testes nucleares: Francisco por um mundo sem armas at\u00f4micas"},"content":{"rendered":"<p>Cidade do Vaticano (RV) &#8211; Celebra-se este 29 de agosto o Dia internacional contra os testes nucleares, aprovado em 2009 pela Assembleia da Onu, com o objetivo de promover o princ\u00edpio de que \u201cdeveria ser feito todo esfor\u00e7o para dar fim aos testes nucleares e desse modo eliminar seus efeitos devastadores sobre a vida das pessoas\u201d. Desde o in\u00edcio de seu Pontificado, Francisco tem se pronunciado com veem\u00eancia em favor da elimina\u00e7\u00e3o das armas nucleares.<\/p>\n<p>Em 7 de dezembro de 2014 o Santo Padre enviou uma mensagem para a Confer\u00eancia de Viena, na \u00c1ustria, sobre o impacto humanit\u00e1rio das armas nucleares. Para o Papa \u201c\u00e9 preciso uma \u00e9tica global se quisermos reduzir a amea\u00e7a nuclear e trabalhar por um desarmamento nuclear\u201d.<\/p>\n<p>Impacto sobre as gera\u00e7\u00f5es vindouras e sobre o planeta<\/p>\n<p>Francisco afirma que as armas nucleares constituem um problema global tendo impacto sobre as gera\u00e7\u00f5es vindouras, bem como sobre o planeta \u2013 que \u00e9 nossa casa comum.<\/p>\n<p>Evidencia a necessidade de uma \u00e9tica global se quisermos diminuir a amea\u00e7a nuclear e trabalhar para o desarmamento nuclear. Evocando a enc\u00edclica Sollicitudo rei socialis, n. 38, de Jo\u00e3o Paulo II, reitera que agora, mais do que nunca, a independ\u00eancia tecnol\u00f3gica, social e pol\u00edtica exige urgentemente uma \u00e9tica de solidariedade.<\/p>\n<p>Ao lembrar que as consequ\u00eancias humanit\u00e1rias das armas nucleares s\u00e3o previs\u00edveis e planet\u00e1rias, com potencialidade de destruir n\u00f3s e a civiliza\u00e7\u00e3o, adverte que em vez de nos concentrarmos muitas vezes sobre a potencialidade das armas nucleares para os massacres em massa, dever\u00edamos prestar mais aten\u00e7\u00e3o aos \u201csofrimentos desnecess\u00e1rios\u201d causados pelo seu uso.<\/p>\n<p>Contrastar l\u00f3gica do medo com \u00e9tica da responsabilidade<\/p>\n<p>Outro ponto importante de grande atualidade destacado por Francisco \u00e9 o de que a dissuas\u00e3o nuclear e a amea\u00e7a da destrui\u00e7\u00e3o rec\u00edproca assegurada n\u00e3o podem ser a base de uma \u00e9tica de fraternidade e de coexist\u00eancia pac\u00edfica entre povos e Estados. \u201cAgora \u00e9 o tempo de contrastar a l\u00f3gica do medo com a \u00e9tica da responsabilidade, de forma a promover um clima de confian\u00e7a e de di\u00e1logo sincero\u201d, exorta o Pont\u00edfice.<\/p>\n<p>Francisco chama a aten\u00e7\u00e3o para o fato que gastar em armas nucleares dilapida a riqueza das na\u00e7\u00f5es e que quando estes recursos s\u00e3o desperdi\u00e7ados, os pobres e os mais fr\u00e1geis que vivem \u00e0s margens da sociedade pagam o pre\u00e7o.<\/p>\n<p>A paz n\u00e3o \u201c\u00e9 aus\u00eancia de guerra; nem se reduz ao estabelecimento do equil\u00edbrio entre as for\u00e7as adversas, nem resulta de uma domina\u00e7\u00e3o desp\u00f3tica\u201d, lembra ainda o Pont\u00edfice citando uma passagem solene do documento conciliar Gaudium et spes, 78.<\/p>\n<p>Mediante a confian\u00e7a rec\u00edproca estabelecer paz verdadeira e duradoura<\/p>\n<p>Devemos estar profundamente comprometidos em fortalecer a confian\u00e7a rec\u00edproca, pois s\u00f3 mediante esta confian\u00e7a \u00e9 poss\u00edvel estabelecer uma paz verdadeira e duradoura entre as Na\u00e7\u00f5es: \u00e9 a exorta\u00e7\u00e3o do Pont\u00edfice fazendo eco \u00e0s palavras do Papa Jo\u00e3o XXIII na hist\u00f3rica enc\u00edclica Pacem in terris, n. 113.<\/p>\n<p>Em mar\u00e7o deste ano Francisco encorajou com uma mensagem os participantes da Confer\u00eancia da Onu para a aprova\u00e7\u00e3o de um tratado sobre a proibi\u00e7\u00e3o das armas nucleares.<\/p>\n<p>Empenhar-se por um mundo sem armas nucleares<\/p>\n<p>O Pont\u00edfice reiterou a urg\u00eancia de empenhar-se por um mundo sem armas nucleares. \u201cDevemos tamb\u00e9m perguntar-nos como \u00e9 poss\u00edvel um equil\u00edbrio baseado no medo, quando este tende efetivamente a aumentar o medo e a minar as rela\u00e7\u00f5es de confian\u00e7a entre os povos \u2013 escreve na referida mensagem.<\/p>\n<p>\u201cO objetivo final da elimina\u00e7\u00e3o total das armas nucleares torna-se tanto um desafio quanto um imperativo moral e humanit\u00e1rio\u201d, conclui o Papa.<\/p>\n<p>&nbsp;<\/p>\n<p>Fonte: R\u00e1dio Vaticano<\/p>\n","protected":false},"excerpt":{"rendered":"<p>Cidade do Vaticano (RV) &#8211; Celebra-se este 29 de agosto o Dia internacional contra os testes nucleares, aprovado em 2009 pela Assembleia da Onu, com o objetivo de promover o princ\u00edpio de que \u201cdeveria ser feito todo esfor\u00e7o para dar fim aos testes nucleares e desse modo eliminar seus efeitos devastadores sobre a vida das [&hellip;]<\/p>\n","protected":false},"author":1,"featured_media":35090,"comment_status":"open","ping_status":"closed","sticky":false,"template":"","format":"standard","meta":{"footnotes":""},"categories":[3],"tags":[],"class_list":["post-35089","post","type-post","status-publish","format-standard","has-post-thumbnail","hentry","category-vaticano"],"_links":{"self":[{"href":"https:\/\/catolicanet.net\/wp-cnet\/wp-json\/wp\/v2\/posts\/35089","targetHints":{"allow":["GET"]}}],"collection":[{"href":"https:\/\/catolicanet.net\/wp-cnet\/wp-json\/wp\/v2\/posts"}],"about":[{"href":"https:\/\/catolicanet.net\/wp-cnet\/wp-json\/wp\/v2\/types\/post"}],"author":[{"embeddable":true,"href":"https:\/\/catolicanet.net\/wp-cnet\/wp-json\/wp\/v2\/users\/1"}],"replies":[{"embeddable":true,"href":"https:\/\/catolicanet.net\/wp-cnet\/wp-json\/wp\/v2\/comments?post=35089"}],"version-history":[{"count":1,"href":"https:\/\/catolicanet.net\/wp-cnet\/wp-json\/wp\/v2\/posts\/35089\/revisions"}],"predecessor-version":[{"id":35091,"href":"https:\/\/catolicanet.net\/wp-cnet\/wp-json\/wp\/v2\/posts\/35089\/revisions\/35091"}],"wp:featuredmedia":[{"embeddable":true,"href":"https:\/\/catolicanet.net\/wp-cnet\/wp-json\/wp\/v2\/media\/35090"}],"wp:attachment":[{"href":"https:\/\/catolicanet.net\/wp-cnet\/wp-json\/wp\/v2\/media?parent=35089"}],"wp:term":[{"taxonomy":"category","embeddable":true,"href":"https:\/\/catolicanet.net\/wp-cnet\/wp-json\/wp\/v2\/categories?post=35089"},{"taxonomy":"post_tag","embeddable":true,"href":"https:\/\/catolicanet.net\/wp-cnet\/wp-json\/wp\/v2\/tags?post=35089"}],"curies":[{"name":"wp","href":"https:\/\/api.w.org\/{rel}","templated":true}]}}