{"id":35077,"date":"2017-08-27T00:00:53","date_gmt":"2017-08-27T03:00:53","guid":{"rendered":"http:\/\/catolicanet.net\/wp-cnet\/?p=35077"},"modified":"2017-11-22T09:45:44","modified_gmt":"2017-11-22T11:45:44","slug":"corpo-de-dom-jose-arcebispo-emerito-da-paraiba-vai-ser-velado-e-sepultado-em-joao-pessoa","status":"publish","type":"post","link":"https:\/\/catolicanet.net\/wp-cnet\/corpo-de-dom-jose-arcebispo-emerito-da-paraiba-vai-ser-velado-e-sepultado-em-joao-pessoa\/","title":{"rendered":"Corpo de dom Jos\u00e9, arcebispo em\u00e9rito da Para\u00edba, vai ser velado e sepultado em Jo\u00e3o Pessoa"},"content":{"rendered":"<p>O corpo do Arcebispo Em\u00e9rito da Para\u00edba, Dom Jos\u00e9 Maria Pires, vai chegar a 01h55 no Aeroporto Castro Pinto, na grande Jo\u00e3o Pessoa. O traslado ser\u00e1 feito em carro aberto, num ve\u00edculo do Corpo de Bombeiros, at\u00e9 a Catedral Bas\u00edlica de Nossa Senhora das Neves, no Centro da Capital.<\/p>\n<p>Dom Jos\u00e9 faleceu na noite deste domingo, 27 de agosto, o arcebispo em\u00e9rito da Para\u00edba, dom Jos\u00e9 Maria Pires. Ele era o bispo mais idoso brasileiro, tinha 98 anos.<\/p>\n<p>O cortejo dever\u00e1 ser acompanhado pelo arcebispo metropolitano da Para\u00edba, dom Manoel Delson Pereira, padres, di\u00e1conos e religiosos da Arquidiocese e representantes de pastorais e movimentos sociais arquidiocesanos.<\/p>\n<p>O vel\u00f3rio come\u00e7a ainda de madrugada. A Catedral vai ficar aberta durante todo o dia para as despedidas do Povo de Deus a Dom Jos\u00e9. V\u00e1rias missas v\u00e3o ser celebradas durante o dia. \u00c0s 16h, ter\u00e1 a \u00faltima celebra\u00e7\u00e3o, de corpo presente, presidida pelo Arcebispo Dom Delson. O sepultamento ser\u00e1, em seguida, na pr\u00f3pria Catedral.<\/p>\n<p>Leia a Nota da Arquidiocese da Para\u00edba:<\/p>\n<p>Nota Oficial<\/p>\n<p>Morre Dom Jos\u00e9 Maria Pires<\/p>\n<p>\u00c9 com grande pesar que a Arquidiocese da Para\u00edba comunica que faleceu na noite deste domingo, dia 27 de agosto de 2017, o Arcebispo Em\u00e9rito da Para\u00edba, Dom Jos\u00e9 Maria Pires. Dom Jos\u00e9 estava internado num hospital em Belo Horizonte, e morreu v\u00edtima de complica\u00e7\u00f5es de uma pneumonia.<\/p>\n<p>\u201cA igreja perde, neste domingo em que comemoramos o Dia do Catequista, um grande pastor. Dom Jos\u00e9 foi um dos catequistas mais ativos e humildes \u00e0 frente do seu rebanho, e que soube impor a sua voz, sempre que necess\u00e1rio, em defesa dos menos favorecidos. O \u2018Dom Pel\u00e9\u2019, como ficou carinhosamente conhecido, faz a sua passagem deixando em n\u00f3s o exemplo de como ser Igreja, de como estar \u00e0 frente do Povo de Deus. Descanse em paz, Dom Jos\u00e9! Temos a certeza de que, crentes na ressurrei\u00e7\u00e3o, ao lado do Pai, o senhor agora vai aben\u00e7oar do C\u00e9u todos os que fazem a Arquidiocese da Para\u00edba\u201d, fala comovido o Arcebispo Metropolitano da Para\u00edba, Dom Manoel Delson.<\/p>\n<p>Sobre Dom Jos\u00e9<br \/>\nDom Jos\u00e9 Maria Pires nasceu no dia 15 de mar\u00e7o de 1919, na cidade de C\u00f3rregos (MG), filho de Eleut\u00e9rio Augusto Pires e Pedrelina Maria de Jesus. Foi ordenado presb\u00edtero no dia 20 de dezembro de 1941, em Diamantina (MG). No dia 25 de maio de 1957 recebeu a nomea\u00e7\u00e3o episcopal, e a sagra\u00e7\u00e3o ocorreu no dia 22 de setembro de 1957, em Diamantina.<br \/>\nFoi formado em Teologia e Filosofia pelo Semin\u00e1rio de Diamantina (MG), cursos que realizou entre 1936 e 1941. Antes de ser Bispo, Dom Jos\u00e9 foi p\u00e1roco de A\u00e7ucena-MG (1943-1946); diretor do Col\u00e9gio Ibituruna em Governador Valadares-MG (1946-1953); mission\u00e1rio diocesano (1953-1955); e p\u00e1roco de Curvelo-MG (1956-1957). Atuou como Bispo em Ara\u00e7ua\u00ed-MG (1957-1965), de onde veio para ser Arcebispo da Para\u00edba (1966-1995). Foi tamb\u00e9m membro da Comiss\u00e3o Central da CNBB e Presidente da Comiss\u00e3o Episcopal Regional-NE2.<\/p>\n<p>Na biografia de Dom Jos\u00e9 destaca-se a sua atua\u00e7\u00e3o na \u00e9poca da Ditadura Militar, quando desenvolveu um trabalho pautado na conjun\u00e7\u00e3o da atividade religiosa com a defesa dos direitos humanos, com vistas \u00e0 mudan\u00e7a social. Prestou apoio nos conflitos pela terra na Para\u00edba, defendendo camponeses de persegui\u00e7\u00f5es. E lutou contra a discrimina\u00e7\u00e3o e o racismo, incentivando a organiza\u00e7\u00e3o e a luta dos afro-brasileiros.<\/p>\n<p>Dom Jos\u00e9 tinha como lema episcopal: \u201cScientiam Salutis\u201d (A ci\u00eancia da Salva\u00e7\u00e3o). Foi o quarto Arcebispo da Para\u00edba. O seu antecessor foi Dom M\u00e1rio de Miranda Vilas-Boas, que assumiu o cargo em 1959 e renunciou em 21\/05\/1965. O Mons. Pedro An\u00edsio Bezerra Dantas foi Vig\u00e1rio Capitular da Arquidiocese da Para\u00edba de 21\/05\/1965 a 27\/03\/1966 (per\u00edodo compreendido entre a ren\u00fancia de Dom M\u00e1rio e a posse de Dom Jos\u00e9). Dom Jos\u00e9 Maria Pires ficou \u00e0 frente da Arquidiocese de 1966 at\u00e9 29\/11\/1995. Foi sucedido por Dom Marcelo Pinto Carvalheira.<\/p>\n<p>Detalhes do vel\u00f3rio e do sepultamento ainda est\u00e3o sendo acertados.<\/p>\n<p>&nbsp;<\/p>\n<p>Fonte: CNBB<\/p>\n","protected":false},"excerpt":{"rendered":"<p>O corpo do Arcebispo Em\u00e9rito da Para\u00edba, Dom Jos\u00e9 Maria Pires, vai chegar a 01h55 no Aeroporto Castro Pinto, na grande Jo\u00e3o Pessoa. O traslado ser\u00e1 feito em carro aberto, num ve\u00edculo do Corpo de Bombeiros, at\u00e9 a Catedral Bas\u00edlica de Nossa Senhora das Neves, no Centro da Capital. Dom Jos\u00e9 faleceu na noite deste [&hellip;]<\/p>\n","protected":false},"author":1,"featured_media":35078,"comment_status":"open","ping_status":"closed","sticky":false,"template":"","format":"standard","meta":{"footnotes":""},"categories":[7],"tags":[],"class_list":["post-35077","post","type-post","status-publish","format-standard","has-post-thumbnail","hentry","category-cnbb"],"_links":{"self":[{"href":"https:\/\/catolicanet.net\/wp-cnet\/wp-json\/wp\/v2\/posts\/35077","targetHints":{"allow":["GET"]}}],"collection":[{"href":"https:\/\/catolicanet.net\/wp-cnet\/wp-json\/wp\/v2\/posts"}],"about":[{"href":"https:\/\/catolicanet.net\/wp-cnet\/wp-json\/wp\/v2\/types\/post"}],"author":[{"embeddable":true,"href":"https:\/\/catolicanet.net\/wp-cnet\/wp-json\/wp\/v2\/users\/1"}],"replies":[{"embeddable":true,"href":"https:\/\/catolicanet.net\/wp-cnet\/wp-json\/wp\/v2\/comments?post=35077"}],"version-history":[{"count":1,"href":"https:\/\/catolicanet.net\/wp-cnet\/wp-json\/wp\/v2\/posts\/35077\/revisions"}],"predecessor-version":[{"id":35079,"href":"https:\/\/catolicanet.net\/wp-cnet\/wp-json\/wp\/v2\/posts\/35077\/revisions\/35079"}],"wp:featuredmedia":[{"embeddable":true,"href":"https:\/\/catolicanet.net\/wp-cnet\/wp-json\/wp\/v2\/media\/35078"}],"wp:attachment":[{"href":"https:\/\/catolicanet.net\/wp-cnet\/wp-json\/wp\/v2\/media?parent=35077"}],"wp:term":[{"taxonomy":"category","embeddable":true,"href":"https:\/\/catolicanet.net\/wp-cnet\/wp-json\/wp\/v2\/categories?post=35077"},{"taxonomy":"post_tag","embeddable":true,"href":"https:\/\/catolicanet.net\/wp-cnet\/wp-json\/wp\/v2\/tags?post=35077"}],"curies":[{"name":"wp","href":"https:\/\/api.w.org\/{rel}","templated":true}]}}