{"id":35043,"date":"2017-08-24T13:36:03","date_gmt":"2017-08-24T16:36:03","guid":{"rendered":"http:\/\/catolicanet.net\/wp-cnet\/?p=35043"},"modified":"2017-11-21T16:26:30","modified_gmt":"2017-11-21T18:26:30","slug":"padre-e-bloqueado-por-facebook-em-plena-quaresma-de-sao-miguel","status":"publish","type":"post","link":"https:\/\/catolicanet.net\/wp-cnet\/padre-e-bloqueado-por-facebook-em-plena-quaresma-de-sao-miguel\/","title":{"rendered":"Padre \u00e9 bloqueado por Facebook em plena quaresma de S\u00e3o Miguel"},"content":{"rendered":"<p>Rio de Janeiro, 24 Ago. 17 \/ 01:00 pm (ACI).- O Facebook voltou a bloquear p\u00e1ginas cat\u00f3licas nesta semana, ap\u00f3s algumas pessoas reagirem ao v\u00eddeo no qual pastor Agenor Duque zomba da imagem de Nossa Senhora Aparecida; entre essas est\u00e1 a do Padre Augusto Bezerra, que foi impedido de fazer transmiss\u00f5es ao vivo e estava em plena quaresma de S\u00e3o Miguel Arcanjo.<\/p>\n<p>\u201cA minha p\u00e1gina passou por uma censura do Facebook que se manter\u00e1 at\u00e9 o dia 29 de agosto. Estou impedido de fazer transmiss\u00e3o de v\u00eddeo ao vivo\u201d, denunciou o sacerdote.<\/p>\n<p>A censura se deu ap\u00f3s a publica\u00e7\u00e3o do v\u00eddeo de sua homilia do \u00faltimo domingo, na qual fala sobre Nossa Senhora, em resposta ao pastor de atacou a Virgem Maria.<\/p>\n<p>Segundo o sacerdote o Facebook fez \u201calega\u00e7\u00f5es inconsistentes contra a p\u00e1gina, dizendo que t\u00ednhamos violado os termos de transmiss\u00e3o ao vivo. Na verdade, os argumentos deles n\u00e3o procedem\u201d, disse, informando que j\u00e1 fez \u201cuma notifica\u00e7\u00e3o extrajudicial\u201d \u00e0 rede social, pedindo o desbloqueio.<\/p>\n<p>Diante desse novo caso de bloqueio, a \u2018PCU \u2013 P\u00e1ginas Cat\u00f3licas Unidas\u2019 publicou uma nota de rep\u00fadio, na qual denuncia que p\u00e1ginas cat\u00f3licas que se manifestaram contra o pastor est\u00e3o sendo censuradas, enquanto n\u00e3o acontece nada com quem ataca a f\u00e9 cat\u00f3lica.<\/p>\n<p>Em sua nota, a PCU sublinha que \u201ca f\u00e9 crist\u00e3 professada pela Igreja Cat\u00f3lica\u201d e difundida pelas p\u00e1ginas na rede social \u201ctem o objetivo de catequizar e instruir por meio dos ensinamentos a Santa Doutrina da F\u00e9 que \u00e9 regida pela Sagrada Escritura, Sagrado Magist\u00e9rio e a Sagrada Tradi\u00e7\u00e3o que vem desde os ap\u00f3stolos\u201d.<\/p>\n<p>\u201cComo seguidores de uma F\u00e9 embasada e como manda Jesus Cristo quando diz \u2018Ide e ensinai a todas as na\u00e7\u00f5es\u2019, temos como objetivo levar a todos os cantos do mundo, os ensinamentos que norteiam a nossa f\u00e9 e utilizamos aqui a Rede Social, agradando ou n\u00e3o\u201d, destacam.<\/p>\n<p>Al\u00e9m disso, refor\u00e7am que o \u201cestado laico\u201d d\u00e1 o \u201camparo legal que nos garante o direito de liberdade religiosa\u201d. Entretanto, esta tem sido \u201cviolada\/agredida\u201d, como aconteceu h\u00e1 um m\u00eas, que p\u00e1ginas cat\u00f3licas sofreram \u201cbloqueios e cerceamentos em massa\u201d.<\/p>\n<p>Conforme ressalta a nota, laicidade \u00e9, mesmo ao \u201cn\u00e3o concordar com o que se faz\u201d, \u201crespeitar o que cremos\u201d. Quando isso \u00e9 violado, pontua, \u201ctemos a obriga\u00e7\u00e3o de ter o \u2018direito de resposta\u2019 e isso foi o que foi feito no caso sobre o Pastor Agenor Duque, que afrontou nossa f\u00e9, blasfemando o nosso sagrado (dogma Mariano)\u201d.<\/p>\n<p>O v\u00eddeo do pastor, que \u201ccriticava a devo\u00e7\u00e3o de n\u00f3s cat\u00f3licos a Nossa Senhora Aparecida e a comparava a uma garrafa de coca-cola (por ser escura)\u201d, fez com os cat\u00f3licos se sentissem ofendidos.<\/p>\n<p>\u201cDentre os in\u00fameros cat\u00f3licos e simpatizantes que acharam uma afronta esse comportamento, destaco o Padre Augusto Bezerra que se pronunciou, repudiando veementemente e agindo de acordo com nossa f\u00e9\u201d, informa o comunicado, acrescentando que, por isso o sacerdote \u201cfoi censurado, bloqueando assim seu v\u00eddeo e suas futuras transmiss\u00f5es ao vivo (a qual estava em plena quaresma de S\u00e3o Miguel)\u201d.<\/p>\n<p>\u201cEsse cerceamento est\u00e1 acontecendo tamb\u00e9m com outras p\u00e1ginas e perfis que se manifestaram contra o v\u00eddeo do Pastor Agenor Duque. Mas, incrivelmente, n\u00e3o est\u00e1 acontecendo nada com quem nos ataca e blasfema, zombando contra a nossa f\u00e9 e o nosso sagrado, cito como exemplo, a p\u00e1gina ATEA, que sempre posta ataques e o Facebook nada faz \u2018pois n\u00e3o viola os padr\u00f5es\u2019\u201d, denuncia.<\/p>\n<p>Assim, conclui o comunicado, \u201cem nome de todas as p\u00e1ginas cat\u00f3licas brasileiras e dos milh\u00f5es de adeptos da f\u00e9 crist\u00e3, ressaltamos o rep\u00fadio \u00e0 censura por n\u00f3s, mais uma vez sofrida, exigindo, destarte, a garantia e concretiza\u00e7\u00e3o dos direitos \u00e0 liberdade religiosa e de express\u00e3o, constitucionalmente previstos\u201d.<\/p>\n<p>Apesar do bloqueio sofrido, Padre Augusto Bezerra logo anunciou que esta medida do Facebook n\u00e3o interromperia a Quaresma de S\u00e3o Miguel Arcanjo, pois foi feito um acordo com a p\u00e1gina cat\u00f3lica Paraclitus, para realizar a transmiss\u00e3o ao vivo, a qual passa a ser compartilhada pela p\u00e1gina do sacerdote.<\/p>\n<p>\u201cAgora, com maior alcance, para agonia do dem\u00f4nio e alegria de S\u00e3o Miguel Arcanjo, em uma p\u00e1gina que tem 2,5 milh\u00f5es de seguidores\u201d, ressaltou.<\/p>\n<p>&nbsp;<\/p>\n<p>Fonte: Acidigital<\/p>\n","protected":false},"excerpt":{"rendered":"<p>Rio de Janeiro, 24 Ago. 17 \/ 01:00 pm (ACI).- O Facebook voltou a bloquear p\u00e1ginas cat\u00f3licas nesta semana, ap\u00f3s algumas pessoas reagirem ao v\u00eddeo no qual pastor Agenor Duque zomba da imagem de Nossa Senhora Aparecida; entre essas est\u00e1 a do Padre Augusto Bezerra, que foi impedido de fazer transmiss\u00f5es ao vivo e estava [&hellip;]<\/p>\n","protected":false},"author":1,"featured_media":35044,"comment_status":"open","ping_status":"closed","sticky":false,"template":"","format":"standard","meta":{"footnotes":""},"categories":[4],"tags":[],"class_list":["post-35043","post","type-post","status-publish","format-standard","has-post-thumbnail","hentry","category-cotidiano"],"_links":{"self":[{"href":"https:\/\/catolicanet.net\/wp-cnet\/wp-json\/wp\/v2\/posts\/35043","targetHints":{"allow":["GET"]}}],"collection":[{"href":"https:\/\/catolicanet.net\/wp-cnet\/wp-json\/wp\/v2\/posts"}],"about":[{"href":"https:\/\/catolicanet.net\/wp-cnet\/wp-json\/wp\/v2\/types\/post"}],"author":[{"embeddable":true,"href":"https:\/\/catolicanet.net\/wp-cnet\/wp-json\/wp\/v2\/users\/1"}],"replies":[{"embeddable":true,"href":"https:\/\/catolicanet.net\/wp-cnet\/wp-json\/wp\/v2\/comments?post=35043"}],"version-history":[{"count":1,"href":"https:\/\/catolicanet.net\/wp-cnet\/wp-json\/wp\/v2\/posts\/35043\/revisions"}],"predecessor-version":[{"id":35045,"href":"https:\/\/catolicanet.net\/wp-cnet\/wp-json\/wp\/v2\/posts\/35043\/revisions\/35045"}],"wp:featuredmedia":[{"embeddable":true,"href":"https:\/\/catolicanet.net\/wp-cnet\/wp-json\/wp\/v2\/media\/35044"}],"wp:attachment":[{"href":"https:\/\/catolicanet.net\/wp-cnet\/wp-json\/wp\/v2\/media?parent=35043"}],"wp:term":[{"taxonomy":"category","embeddable":true,"href":"https:\/\/catolicanet.net\/wp-cnet\/wp-json\/wp\/v2\/categories?post=35043"},{"taxonomy":"post_tag","embeddable":true,"href":"https:\/\/catolicanet.net\/wp-cnet\/wp-json\/wp\/v2\/tags?post=35043"}],"curies":[{"name":"wp","href":"https:\/\/api.w.org\/{rel}","templated":true}]}}