{"id":35034,"date":"2017-08-24T11:09:43","date_gmt":"2017-08-24T14:09:43","guid":{"rendered":"http:\/\/catolicanet.net\/wp-cnet\/?p=35034"},"modified":"2017-11-21T16:20:00","modified_gmt":"2017-11-21T18:20:00","slug":"papa-superar-leituras-infundadas-e-superficiais-da-reforma-liturgica-que-e-irreversivel","status":"publish","type":"post","link":"https:\/\/catolicanet.net\/wp-cnet\/papa-superar-leituras-infundadas-e-superficiais-da-reforma-liturgica-que-e-irreversivel\/","title":{"rendered":"Papa: superar leituras infundadas e superficiais da reforma lit\u00fargica, que \u00e9 irrevers\u00edvel"},"content":{"rendered":"<p>Cidade do Vaticano (RV) &#8211;\u00a0 \u201cN\u00e3o basta reformar os livros lit\u00fargicos para renovar a mentalidade (&#8230;), a educa\u00e7\u00e3o lit\u00fargica de Pastores e fi\u00e9is \u00e9 um desafio a ser enfrentado sempre de novo\u201d.&#8221; Depois deste magist\u00e9rio e\u00a0 depois deste longo caminho, podemos afirmar com seguran\u00e7a e com autoridade magisterial que a reforma lit\u00fargica \u00e9 irrevers\u00edvel\u201d.<\/p>\n<p>&nbsp;<\/p>\n<p><a href=\"http:\/\/www.catolicanet.com.br\/Papa:%20superar%20leituras%20infundadas%20e%20superficiais%20da%20reforma%20lit%C3%BArgica,%20que%20%C3%A9%20irrevers%C3%ADvel\">Clique aqui para ouvir:<\/a><\/p>\n<p>&nbsp;<\/p>\n<p>Ao encontrar na manh\u00e3 desta quinta-feira na Sala Paulo VI os participantes da Semana Lit\u00fargica Nacional italiana, o Papa Francisco falou sobre a irreversibilidade da reforma lit\u00fargica, recordando &#8211; ao come\u00e7ar seu pronunciamento &#8211; os acontecimentos \u201csubstanciais e n\u00e3o superficiais\u201d ocorridos no arco dos \u00faltimos 70 anos na hist\u00f3ria Igreja e em particular, \u201cna hist\u00f3ria da liturgia\u201d.<\/p>\n<p>O Conc\u00edlio Vaticano II e a reforma lit\u00fargica \u2013 disse o Papa \u2013 s\u00e3o dois eventos diretamente ligados, \u201cque n\u00e3o floresceram repentinamente, mas foram longamente preparados\u201d, como testemunha o movimento lit\u00fargico \u201ce as respostas dadas pelos Sumos Pont\u00edfices \u00e0s dificuldades percebidas na ora\u00e7\u00e3o eclesial\u201d. \u201cQuando se percebe uma necessidade \u2013 observou \u2013 mesmo se n\u00e3o imediata a solu\u00e7\u00e3o, existe a necessidade\u201d de come\u00e7ar a fazer algo.<\/p>\n<p>Francisco come\u00e7a por citar, neste sentido, S\u00e3o Pio X, que disp\u00f4s uma reordena\u00e7\u00e3o da m\u00fasica sacra e a restaura\u00e7\u00e3o celebrativa do domingo, al\u00e9m de instituir \u201cuma comiss\u00e3o para a reforma geral da liturgia, consciente de que isto comportaria\u201d um grande e longo trabalho, mas que daria \u201cum novo esplendor\u201d \u00e0 dignidade e harmonia do \u201cedif\u00edcio lit\u00fargico\u201d.<\/p>\n<p>Um projeto reformador que foi retomado mais tarde por Pio XII com a Enciclica Mediator Dei e a institui\u00e7\u00e3o de uma comiss\u00e3o de estudo, sem falar em decis\u00f5es como \u201ca atenua\u00e7\u00e3o do jejum eucar\u00edstico, o uso da l\u00edngua viva no Ritual, a importante reforma da Vig\u00edlia Pascal e da Semana Santa\u201d.<\/p>\n<p>O Conc\u00edlio Vaticano II fez amadurecer mais tarde \u2013 recordou o Papa &#8211;\u00a0 \u201ccomo bom fruto da \u00e1rvore da Igreja, a Constitui\u00e7\u00e3o sobre a Sagrada Liturgia Sacrosanctum Concilium\u201d, cujas linhas da reforma geral respondiam \u00e0s necessidades reais e \u00e0 concreta esperan\u00e7a de uma renova\u00e7\u00e3o, \u201cpara que os fi\u00e9is n\u00e3o assistam como estranhos e mudos espectadores a este mist\u00e9rio de f\u00e9, mas compreendendo-o por meio dos\u00a0 ritos e das ora\u00e7\u00f5es, participem da a\u00e7\u00e3o sagrada conscientemente, piamente e ativamente (SC, 48)\u201d.<\/p>\n<p>O Papa recorda que \u201ca dire\u00e7\u00e3o tra\u00e7ada pelo Conc\u00edlio encontrou forma, segundo o princ\u00edpio do respeito da s\u00e3 tradi\u00e7\u00e3o e do leg\u00edtimo progresso nos livros lit\u00fargicos promulgados pelo Beato Paulo VI\u201d, j\u00e1 h\u00e1 quase 50 anos \u201cuniversalmente em uso no Ritual Romano.<\/p>\n<p>E a aplica\u00e7\u00e3o pr\u00e1tica, guiada pelas Confer\u00eancias Episcopais para os respectivos pa\u00edses, est\u00e1 ainda em andamento, pois n\u00e3o basta reformar os livros lit\u00fargicos para renovar a mentalidade\u201d:<\/p>\n<p>\u201cOs livros reformados por norma dos decretos do Vaticano II, introduziram um processo que requer tempo, recep\u00e7\u00e3o dos fi\u00e9is, obedi\u00eancia pr\u00e1tica, s\u00e1bia atua\u00e7\u00e3o celebrativa por parte, antes, dos ministros ordenados, mas tamb\u00e9m dos outros ministros, dos cantores e de todos aqueles que participam da liturgia. Na verdade, o sabemos, a educa\u00e7\u00e3o lit\u00fargica de Pastores e fi\u00e9is \u00e9 um desafio a ser enfrentado sempre de novo\u201d.<\/p>\n<p>\u201cO pr\u00f3prio Paulo VI, um ano antes de sua morte \u2013 recordou o Papa \u2013 dizia aos Cardeais reunidos em Consist\u00f3rio: \u201cChegou o momento, agora, de deixar cair definitivamente os fermentos desagregadores, igualmente perniciosos em um sentido e em outro, e de aplicar integralmente nos seus justos crit\u00e9rios inspiradores, a reforma por n\u00f3s aprovada em aplica\u00e7\u00e3o aos votos do Conc\u00edlio\u201d. E completou:<\/p>\n<p>\u201cE hoje ainda h\u00e1 trabalho a ser feito nesta dire\u00e7\u00e3o, em particular redescobrindo os motivos das discuss\u00f5es realizadas com a reforma lit\u00fargica, superando leituras infundadas e superficiais, recep\u00e7\u00f5es parciais e pr\u00e1ticas que a desfiguram. N\u00e3o se trata de repensar a reforma revendo as suas escolhas, mas de conhecer melhor as raz\u00f5es subjacentes, tamb\u00e9m por meio da documenta\u00e7\u00e3o hist\u00f3rica, como de interiorizar os princ\u00edpios inspiradores e de observar a disciplina que a regula. Depois deste magist\u00e9rio e\u00a0 depois deste longo caminho, podemos afirmar com seguran\u00e7a e com autoridade magisterial que a reforma lit\u00fargica \u00e9 irrevers\u00edvel\u201d.<\/p>\n<p>Ap\u00f3s \u201crepassar com a mem\u00f3ria este caminho\u201d, o Papa falou sobre alguns aspectos do tema que guiou a reflex\u00e3o nestes dias do encontro do Centro de A\u00e7\u00e3o Lit\u00fargica: \u201cUma liturgia viva para uma Igreja viva\u201d:<\/p>\n<p>\u201cA liturgia \u00e9 \u201cviva\u201d, afirmou Francisco, e \u201csem a presen\u00e7a real do mist\u00e9rio de Cristo, n\u00e3o existe nenhuma vitalidade lit\u00fargica. Como sem o batimento card\u00edaco n\u00e3o existe vida humana, da mesma forma, sem o cora\u00e7\u00e3o pulsante de Cristo n\u00e3o existe a\u00e7\u00e3o lit\u00fargica\u201d. \u201cE entre os sinais vis\u00edveis do invis\u00edvel Mist\u00e9rio est\u00e1 o altar, sinal de Cristo pedra viva, descartada pelos homens mas que se tornou a pedra angular do edif\u00edcio espiritual em que \u00e9 oferecido a Deus vivo o culto em esp\u00edrito e verdade\u201d.<\/p>\n<p>A liturgia \u2013 disse depois o Papa \u2013 \u201c\u00e9 vida para todo o povo da igreja. Por sua natureza, a liturgia \u00e9 de fato \u201cpopular\u201d e n\u00e3o clerical, sendo \u2013 como ensina a etimologia \u2013 uma a\u00e7\u00e3o para o povo, mas tamb\u00e9m do povo\u201d:<\/p>\n<p>&#8220;A Igreja em ora\u00e7\u00e3o acolhe todos aqueles que t\u00eam o cora\u00e7\u00e3o na escuta do Evangelho, sem descartar ningu\u00e9m: s\u00e3o convocados pequenos e grandes, ricos e pobres, crian\u00e7as e idosos, saud\u00e1veis e doentes, justos e pecadores. \u00c0 imagem da &#8220;multid\u00e3o imensa&#8221; que celebra a liturgia no sant\u00e1rio do c\u00e9u, a assembleia lit\u00fargica supera, em Cristo, todo limite de idade, ra\u00e7a, l\u00edngua e na\u00e7\u00e3o&#8221;.<\/p>\n<p>\u201cA dimens\u00e3o \u201cpopular\u201d da liturgia nos recorda que ela \u00e9 inclusiva e n\u00e3o exclusiva, criadora de comunh\u00e3o com todos, sem todavia homologar, porque chama cada um com a sua voca\u00e7\u00e3o e originalidade, a contribuir no edificar o corpo de Cristo\u201d.<\/p>\n<p>N\u00e3o devemos esquecer \u2013 alertou o Papa \u2013 que a liturgia expressa a piedade de todo o povo de Deus e nela cada um contribui a edificar o corpo de Cristo.<\/p>\n<p>A liturgia \u2013 disse o Papa analisando um terceiro ponto \u2013 \u00e9 vida e n\u00e3o uma ideia a ser entendida. \u201cLeva de fato a viver uma experi\u00eancia inici\u00e1tica. Ou seja, transformadora do modo de pensar e de comportar-se e n\u00e3o para enriquecer a pr\u00f3pria bagagem de ideias sobre Deus\u201d:<\/p>\n<p>\u201cA Igreja \u00e9 realmente viva se, formando um s\u00f3 ser vivo com Cristo, \u00e9 portadora de vida, \u00e9 materna, \u00e9 mission\u00e1ria, sai ao encontro do pr\u00f3ximo, sol\u00edcita de servir sem buscar poderes mundanos que a tornam est\u00e9ril. Por isto, celebrando os santos mist\u00e9rios, recorda Maria, a Virgem do Magnificat\u201d.<\/p>\n<p>Por fim, o Papa recorda que \u201cn\u00e3o podemos esquecer que a riqueza da Igreja em ora\u00e7\u00e3o enquanto \u201ccat\u00f3lica\u201d vai al\u00e9m do Rito Romano que, mesmo sendo o mais difundido, n\u00e3o \u00e9 o \u00fanico\u2019:<\/p>\n<p>\u201cA harmonia das tradi\u00e7\u00f5es rituais, do Oriente e do Ocidente, pelo sopro do mesmo Esp\u00edrito d\u00e1 voz \u00e0 \u00fanica Igreja orante por Cristo, com Cristo e em Cristo, a gl\u00f3ria do Pai e para a salva\u00e7\u00e3o do mundo\u201d.<\/p>\n<p>Ao agradecer a visita o Papa encoraja os respons\u00e1veis do Centro de A\u00e7\u00e3o Lit\u00fargica a prosseguir e a ajudar \u201cos ministros ordenados, assim como os outros ministros, os cantores, os artistas, os m\u00fasicos, a cooperarem para que a liturgia seja \u201cfonte e \u00e1pice da vitalidade da Igreja\u201d\u201d.<\/p>\n<p>O pronciamento do Papa Francisco pode ser conferido na \u00edntegra &#8211; no momento apenas em italiano &#8211; no link: https:\/\/goo.gl\/BqSQb9<\/p>\n<p>&nbsp;<\/p>\n<p>Fonte: R\u00e1dio Vaticano<\/p>\n","protected":false},"excerpt":{"rendered":"<p>Cidade do Vaticano (RV) &#8211;\u00a0 \u201cN\u00e3o basta reformar os livros lit\u00fargicos para renovar a mentalidade (&#8230;), a educa\u00e7\u00e3o lit\u00fargica de Pastores e fi\u00e9is \u00e9 um desafio a ser enfrentado sempre de novo\u201d.&#8221; Depois deste magist\u00e9rio e\u00a0 depois deste longo caminho, podemos afirmar com seguran\u00e7a e com autoridade magisterial que a reforma lit\u00fargica \u00e9 irrevers\u00edvel\u201d. &nbsp; [&hellip;]<\/p>\n","protected":false},"author":1,"featured_media":35035,"comment_status":"open","ping_status":"closed","sticky":false,"template":"","format":"standard","meta":{"footnotes":""},"categories":[3],"tags":[],"class_list":["post-35034","post","type-post","status-publish","format-standard","has-post-thumbnail","hentry","category-vaticano"],"_links":{"self":[{"href":"https:\/\/catolicanet.net\/wp-cnet\/wp-json\/wp\/v2\/posts\/35034","targetHints":{"allow":["GET"]}}],"collection":[{"href":"https:\/\/catolicanet.net\/wp-cnet\/wp-json\/wp\/v2\/posts"}],"about":[{"href":"https:\/\/catolicanet.net\/wp-cnet\/wp-json\/wp\/v2\/types\/post"}],"author":[{"embeddable":true,"href":"https:\/\/catolicanet.net\/wp-cnet\/wp-json\/wp\/v2\/users\/1"}],"replies":[{"embeddable":true,"href":"https:\/\/catolicanet.net\/wp-cnet\/wp-json\/wp\/v2\/comments?post=35034"}],"version-history":[{"count":1,"href":"https:\/\/catolicanet.net\/wp-cnet\/wp-json\/wp\/v2\/posts\/35034\/revisions"}],"predecessor-version":[{"id":35036,"href":"https:\/\/catolicanet.net\/wp-cnet\/wp-json\/wp\/v2\/posts\/35034\/revisions\/35036"}],"wp:featuredmedia":[{"embeddable":true,"href":"https:\/\/catolicanet.net\/wp-cnet\/wp-json\/wp\/v2\/media\/35035"}],"wp:attachment":[{"href":"https:\/\/catolicanet.net\/wp-cnet\/wp-json\/wp\/v2\/media?parent=35034"}],"wp:term":[{"taxonomy":"category","embeddable":true,"href":"https:\/\/catolicanet.net\/wp-cnet\/wp-json\/wp\/v2\/categories?post=35034"},{"taxonomy":"post_tag","embeddable":true,"href":"https:\/\/catolicanet.net\/wp-cnet\/wp-json\/wp\/v2\/tags?post=35034"}],"curies":[{"name":"wp","href":"https:\/\/api.w.org\/{rel}","templated":true}]}}