{"id":35031,"date":"2017-08-24T10:32:34","date_gmt":"2017-08-24T13:32:34","guid":{"rendered":"http:\/\/catolicanet.net\/wp-cnet\/?p=35031"},"modified":"2017-11-21T16:18:21","modified_gmt":"2017-11-21T18:18:21","slug":"coordenacao-da-14a-romaria-da-terra-e-da-agua-se-reune-para-analise-de-subsidios","status":"publish","type":"post","link":"https:\/\/catolicanet.net\/wp-cnet\/coordenacao-da-14a-romaria-da-terra-e-da-agua-se-reune-para-analise-de-subsidios\/","title":{"rendered":"Coordena\u00e7\u00e3o da 14\u00aa Romaria da Terra e da \u00c1gua se re\u00fane para an\u00e1lise de subs\u00eddios"},"content":{"rendered":"<p>A coordena\u00e7\u00e3o geral da 14\u00aa Romaria da Terra e da \u00c1gua se reuniu na manh\u00e3 do dia 15 de agosto, na sede do Regional Nordeste4, em Teresina (PI), para analisar o subs\u00eddio, cartaz e o hino da romaria.<\/p>\n<p>Com o tema \u201cDefender a natureza e os direitos dos pobres\u201d, a 14\u00aa Romaria da Terra e da \u00c1gua acontecer\u00e1 na cidade de Paulistana (PI), Diocese de Picos (PI), nos dias 14 e 15 de julho de 2018 denunciando o impacto dos grandes neg\u00f3cios: transnordestina, min\u00e9rio de ferro e a usina e\u00f3lica.<\/p>\n<p>Leia a mat\u00e9ria na \u00edntegra no site do\u00a0<a href=\"http:\/\/cnbbne4.org.br\/coordenacao-geral-da-14a-romaria-da-terra-e-da-agua-se-reune-para-analise-do-subsidio-cartaz-hino\/\">Regional Nordeste 4<\/a><\/p>\n<p>&nbsp;<\/p>\n<p>Fonte: CNBB<\/p>\n","protected":false},"excerpt":{"rendered":"<p>A coordena\u00e7\u00e3o geral da 14\u00aa Romaria da Terra e da \u00c1gua se reuniu na manh\u00e3 do dia 15 de agosto, na sede do Regional Nordeste4, em Teresina (PI), para analisar o subs\u00eddio, cartaz e o hino da romaria. Com o tema \u201cDefender a natureza e os direitos dos pobres\u201d, a 14\u00aa Romaria da Terra e [&hellip;]<\/p>\n","protected":false},"author":1,"featured_media":35032,"comment_status":"open","ping_status":"closed","sticky":false,"template":"","format":"standard","meta":{"footnotes":""},"categories":[7],"tags":[],"class_list":["post-35031","post","type-post","status-publish","format-standard","has-post-thumbnail","hentry","category-cnbb"],"_links":{"self":[{"href":"https:\/\/catolicanet.net\/wp-cnet\/wp-json\/wp\/v2\/posts\/35031","targetHints":{"allow":["GET"]}}],"collection":[{"href":"https:\/\/catolicanet.net\/wp-cnet\/wp-json\/wp\/v2\/posts"}],"about":[{"href":"https:\/\/catolicanet.net\/wp-cnet\/wp-json\/wp\/v2\/types\/post"}],"author":[{"embeddable":true,"href":"https:\/\/catolicanet.net\/wp-cnet\/wp-json\/wp\/v2\/users\/1"}],"replies":[{"embeddable":true,"href":"https:\/\/catolicanet.net\/wp-cnet\/wp-json\/wp\/v2\/comments?post=35031"}],"version-history":[{"count":1,"href":"https:\/\/catolicanet.net\/wp-cnet\/wp-json\/wp\/v2\/posts\/35031\/revisions"}],"predecessor-version":[{"id":35033,"href":"https:\/\/catolicanet.net\/wp-cnet\/wp-json\/wp\/v2\/posts\/35031\/revisions\/35033"}],"wp:featuredmedia":[{"embeddable":true,"href":"https:\/\/catolicanet.net\/wp-cnet\/wp-json\/wp\/v2\/media\/35032"}],"wp:attachment":[{"href":"https:\/\/catolicanet.net\/wp-cnet\/wp-json\/wp\/v2\/media?parent=35031"}],"wp:term":[{"taxonomy":"category","embeddable":true,"href":"https:\/\/catolicanet.net\/wp-cnet\/wp-json\/wp\/v2\/categories?post=35031"},{"taxonomy":"post_tag","embeddable":true,"href":"https:\/\/catolicanet.net\/wp-cnet\/wp-json\/wp\/v2\/tags?post=35031"}],"curies":[{"name":"wp","href":"https:\/\/api.w.org\/{rel}","templated":true}]}}