{"id":35028,"date":"2017-08-24T10:07:23","date_gmt":"2017-08-24T13:07:23","guid":{"rendered":"http:\/\/catolicanet.net\/wp-cnet\/?p=35028"},"modified":"2017-11-21T16:05:58","modified_gmt":"2017-11-21T18:05:58","slug":"18-mil-romeiros-clamam-por-libertacao-das-novas-escravidoes","status":"publish","type":"post","link":"https:\/\/catolicanet.net\/wp-cnet\/18-mil-romeiros-clamam-por-libertacao-das-novas-escravidoes\/","title":{"rendered":"18 mil romeiros clamam por liberta\u00e7\u00e3o das novas escravid\u00f5es"},"content":{"rendered":"<p>Clamando pela liberta\u00e7\u00e3o das novas escravid\u00f5es, uma m\u00e9dia de 18 mil romeiros de todas as 45 cidades que comp\u00f5e a Diocese de Jales, estiveram participando da 33\u00aa Romaria Diocesana de Jales, no \u00faltimo domingo, dia 20 de agosto de 2017.<\/p>\n<p>A caminhada que teve in\u00edcio em frente ao Lar Transit\u00f3rio S\u00e3o Francisco de Assis, foi marcada pela acolhida de Dom Reginaldo e dos padres da diocese, que ap\u00f3s uma pequena celebra\u00e7\u00e3o de abertura da romaria se colocaram a frente do povo para guia-los at\u00e9 a Catedral.<\/p>\n<p>Na homilia, dom Reginaldo Andrietta destacou a humilha\u00e7\u00e3o do seu povo que se assemelha com a humilha\u00e7\u00e3o de Maria, e que Deus olha para os oprimidos e n\u00e3o os abandona. As palavras do bispo trouxeram esperan\u00e7a aos fi\u00e9is que n\u00e3o cessam de clamar por uma nova sociedade, liberta da explora\u00e7\u00e3o dos poderosos que tiram da pobreza para benef\u00edcios pr\u00f3prios.<\/p>\n<p>A Romaria deste ano, marcou os 57 anos da instala\u00e7\u00e3o da Diocese de Jales, celebrando o Ano mariano e os 300 anos do encontro da imagem de Nossa Senhora Aparecida, como tamb\u00e9m o encerramento do Ano Vocacional Diocesano.<\/p>\n<p>Dom Reginaldo encerrou a celebra\u00e7\u00e3o se prostrando diante das imagens de Nossa Senhora da Assun\u00e7\u00e3o e Nossa Senhora Aparecida, elevando os clamores e compromissos de a\u00e7\u00f5es de seu povo.<\/p>\n<p><a href=\"http:\/\/diocesedejales.org.br\/mesmo-com-forte-chuva-18mil-romeiros-clamam-por-libertacao-das-novas-escravidoes\/\">Confira a \u00edntegra da not\u00edcia<\/a>.<\/p>\n<p>&nbsp;<\/p>\n<p>Fonte: CNBB<\/p>\n","protected":false},"excerpt":{"rendered":"<p>Clamando pela liberta\u00e7\u00e3o das novas escravid\u00f5es, uma m\u00e9dia de 18 mil romeiros de todas as 45 cidades que comp\u00f5e a Diocese de Jales, estiveram participando da 33\u00aa Romaria Diocesana de Jales, no \u00faltimo domingo, dia 20 de agosto de 2017. A caminhada que teve in\u00edcio em frente ao Lar Transit\u00f3rio S\u00e3o Francisco de Assis, foi [&hellip;]<\/p>\n","protected":false},"author":1,"featured_media":35029,"comment_status":"open","ping_status":"closed","sticky":false,"template":"","format":"standard","meta":{"footnotes":""},"categories":[7],"tags":[],"class_list":["post-35028","post","type-post","status-publish","format-standard","has-post-thumbnail","hentry","category-cnbb"],"_links":{"self":[{"href":"https:\/\/catolicanet.net\/wp-cnet\/wp-json\/wp\/v2\/posts\/35028","targetHints":{"allow":["GET"]}}],"collection":[{"href":"https:\/\/catolicanet.net\/wp-cnet\/wp-json\/wp\/v2\/posts"}],"about":[{"href":"https:\/\/catolicanet.net\/wp-cnet\/wp-json\/wp\/v2\/types\/post"}],"author":[{"embeddable":true,"href":"https:\/\/catolicanet.net\/wp-cnet\/wp-json\/wp\/v2\/users\/1"}],"replies":[{"embeddable":true,"href":"https:\/\/catolicanet.net\/wp-cnet\/wp-json\/wp\/v2\/comments?post=35028"}],"version-history":[{"count":1,"href":"https:\/\/catolicanet.net\/wp-cnet\/wp-json\/wp\/v2\/posts\/35028\/revisions"}],"predecessor-version":[{"id":35030,"href":"https:\/\/catolicanet.net\/wp-cnet\/wp-json\/wp\/v2\/posts\/35028\/revisions\/35030"}],"wp:featuredmedia":[{"embeddable":true,"href":"https:\/\/catolicanet.net\/wp-cnet\/wp-json\/wp\/v2\/media\/35029"}],"wp:attachment":[{"href":"https:\/\/catolicanet.net\/wp-cnet\/wp-json\/wp\/v2\/media?parent=35028"}],"wp:term":[{"taxonomy":"category","embeddable":true,"href":"https:\/\/catolicanet.net\/wp-cnet\/wp-json\/wp\/v2\/categories?post=35028"},{"taxonomy":"post_tag","embeddable":true,"href":"https:\/\/catolicanet.net\/wp-cnet\/wp-json\/wp\/v2\/tags?post=35028"}],"curies":[{"name":"wp","href":"https:\/\/api.w.org\/{rel}","templated":true}]}}