{"id":35022,"date":"2017-08-23T16:35:40","date_gmt":"2017-08-23T19:35:40","guid":{"rendered":"http:\/\/catolicanet.net\/wp-cnet\/?p=35022"},"modified":"2017-11-21T16:00:36","modified_gmt":"2017-11-21T18:00:36","slug":"cimi-tirar-a-terra-do-indio-e-tirar-lhe-a-vida","status":"publish","type":"post","link":"https:\/\/catolicanet.net\/wp-cnet\/cimi-tirar-a-terra-do-indio-e-tirar-lhe-a-vida\/","title":{"rendered":"Cimi: &#8220;Tirar a terra do \u00edndio \u00e9 tirar-lhe a vida&#8221;"},"content":{"rendered":"<p>Burutis, Rond\u00f4nia (RV) &#8211; O Conselho Indigenista Mission\u00e1rio (Cimi) classificou o atual governo federal como o \u201cmais antiind\u00edgena\u201d desde a ditadura militar. A cr\u00edtica, publicada em nota divulgada ter\u00e7a-feira (22\/08), \u00e9 uma resposta \u00e0 decis\u00e3o do Minist\u00e9rio da Justi\u00e7a de anular a amplia\u00e7\u00e3o de uma reserva ind\u00edgena na zona oeste da capital paulista.<\/p>\n<p>Reconhecida em 1987, com 3 hectares, a reserva ind\u00edgena do Jaragu\u00e1, ocupada hoje por cerca de 700 fam\u00edlias Guarani, foi ampliada para 512 hectares em 2015 ap\u00f3s decis\u00e3o judicial.<\/p>\n<p>A amplia\u00e7\u00e3o foi derrubada pelo ministro da Justi\u00e7a, Torquato Jardim, nessa segunda-feira (21\/08), com a alega\u00e7\u00e3o de que houve \u201cerro administrativo\u201d na demarca\u00e7\u00e3o da \u00e1rea e que a reserva foi estabelecida sem a participa\u00e7\u00e3o do governo estadual. Segundo o governo, a amplia\u00e7\u00e3o s\u00f3 teria validade legal se tivesse ocorrido at\u00e9 cinco anos ap\u00f3s a demarca\u00e7\u00e3o das terras, ou seja, at\u00e9 1992.<\/p>\n<p>Para o Cimi, a portaria \u00e9 \u201cinjusta, discriminat\u00f3ria, vergonhosa e genocida\u201d e condena as fam\u00edlias ind\u00edgenas da reserva a viverem confinadas em \u201cespa\u00e7o insuficiente\u201d em desacordo com seus costumes, usos, cren\u00e7as e tradi\u00e7\u00f5es.<\/p>\n<p>Ou\u00e7a o Presidente do Conselho Indigenista Mission\u00e1rio:<\/p>\n<p>Segundo o Presidente do Cimi, Dom Roque Paloschi, arcebispo de Porto Velho, em entrevista \u00e0 RV,\u00a0 \u201co Governo est\u00e1 usando todo tipo de expediente para banir da Constitui\u00e7\u00e3o os direitos dos povos origin\u00e1rios e quilombolas, conquistados a duras penas em 1988 com a chamada \u2018Constitui\u00e7\u00e3o cidad\u00e3\u2019. O decreto reduz mais de 700 pessoas a uma \u00e1rea de 3 hectares. A terra n\u00e3o \u00e9 um bem de com\u00e9rcio, como dito pelo Papa na Laudato si; os povos origin\u00e1rios pertencem \u00e0 terra; tirar-lhes a terra \u00e9 tirar-lhes a vida, a possibilidade de sonhar e cultivar suas tradi\u00e7\u00f5es e costumes\u201d.<\/p>\n<p>O Cimi vai continuar denunciando em \u00e2mbito nacional e internacional estas atitudes do Governo, que n\u00e3o respeita os acordos previamente assinados e desrespeita a pr\u00f3pria Constitui\u00e7\u00e3o. E tamb\u00e9m vamos unir for\u00e7as com as comunidades ind\u00edgenas e continuar gritando, reivindicando e pressionando para que o Governo volte atr\u00e1s nestes atos absurdos que vem causando em rela\u00e7\u00e3o \u00e0 quest\u00e3o ind\u00edgena\u201d.<\/p>\n<p>&nbsp;<\/p>\n<p>Fonte: R\u00e1dio Vaticano<\/p>\n","protected":false},"excerpt":{"rendered":"<p>Burutis, Rond\u00f4nia (RV) &#8211; O Conselho Indigenista Mission\u00e1rio (Cimi) classificou o atual governo federal como o \u201cmais antiind\u00edgena\u201d desde a ditadura militar. A cr\u00edtica, publicada em nota divulgada ter\u00e7a-feira (22\/08), \u00e9 uma resposta \u00e0 decis\u00e3o do Minist\u00e9rio da Justi\u00e7a de anular a amplia\u00e7\u00e3o de uma reserva ind\u00edgena na zona oeste da capital paulista. Reconhecida em [&hellip;]<\/p>\n","protected":false},"author":1,"featured_media":35023,"comment_status":"open","ping_status":"closed","sticky":false,"template":"","format":"standard","meta":{"footnotes":""},"categories":[3],"tags":[],"class_list":["post-35022","post","type-post","status-publish","format-standard","has-post-thumbnail","hentry","category-vaticano"],"_links":{"self":[{"href":"https:\/\/catolicanet.net\/wp-cnet\/wp-json\/wp\/v2\/posts\/35022","targetHints":{"allow":["GET"]}}],"collection":[{"href":"https:\/\/catolicanet.net\/wp-cnet\/wp-json\/wp\/v2\/posts"}],"about":[{"href":"https:\/\/catolicanet.net\/wp-cnet\/wp-json\/wp\/v2\/types\/post"}],"author":[{"embeddable":true,"href":"https:\/\/catolicanet.net\/wp-cnet\/wp-json\/wp\/v2\/users\/1"}],"replies":[{"embeddable":true,"href":"https:\/\/catolicanet.net\/wp-cnet\/wp-json\/wp\/v2\/comments?post=35022"}],"version-history":[{"count":1,"href":"https:\/\/catolicanet.net\/wp-cnet\/wp-json\/wp\/v2\/posts\/35022\/revisions"}],"predecessor-version":[{"id":35024,"href":"https:\/\/catolicanet.net\/wp-cnet\/wp-json\/wp\/v2\/posts\/35022\/revisions\/35024"}],"wp:featuredmedia":[{"embeddable":true,"href":"https:\/\/catolicanet.net\/wp-cnet\/wp-json\/wp\/v2\/media\/35023"}],"wp:attachment":[{"href":"https:\/\/catolicanet.net\/wp-cnet\/wp-json\/wp\/v2\/media?parent=35022"}],"wp:term":[{"taxonomy":"category","embeddable":true,"href":"https:\/\/catolicanet.net\/wp-cnet\/wp-json\/wp\/v2\/categories?post=35022"},{"taxonomy":"post_tag","embeddable":true,"href":"https:\/\/catolicanet.net\/wp-cnet\/wp-json\/wp\/v2\/tags?post=35022"}],"curies":[{"name":"wp","href":"https:\/\/api.w.org\/{rel}","templated":true}]}}