{"id":3501,"date":"2013-11-25T12:54:39","date_gmt":"2013-11-25T14:54:39","guid":{"rendered":"http:\/\/catolicanet.net\/wp-cnet\/evangelija-e-tempo-de-evangelizacao-no-brasil\/"},"modified":"2017-03-23T17:11:29","modified_gmt":"2017-03-23T20:11:29","slug":"evangelija-e-tempo-de-evangelizacao-no-brasil","status":"publish","type":"post","link":"https:\/\/catolicanet.net\/wp-cnet\/evangelija-e-tempo-de-evangelizacao-no-brasil\/","title":{"rendered":"Evangeli.j\u00e1: \u00e9 tempo de evangeliza\u00e7\u00e3o no Brasil!"},"content":{"rendered":"<p style=\"text-align: justify;\"><img decoding=\"async\" src=\"http:\/\/catolicanet.com.br\/images\/stories\/evangelija.jpg\" border=\"0\" align=\"left\" \/>Teve in\u00edcio neste domingo, em sintonia com a solenidade de Cristo Rei, a Campanha para a Evangeliza\u00e7\u00e3o (CE) 2013, promovida pela Confer\u00eancia Nacional dos Bispos do Brasil (CNBB). A Campanha se estende at\u00e9 o 3\u00ba domingo do Advento, 15 de dezembro, quando ser\u00e1 realizada a Coleta Nacional nas par\u00f3quias e comunidades do Brasil.<\/p>\n<p>O resultado da coleta ser\u00e1 integralmente direcionado para os trabalhos de evangeliza\u00e7\u00e3o nos v\u00e1rios n\u00edveis: diocesano (45% do total arrecadado), regional (20%) e nacional (35%).<\/p>\n<p>\u201cA campanha existe para arrecadar recursos para os projetos de evangeliza\u00e7\u00e3o, sendo importante para a sustentabilidade dessas a\u00e7\u00f5es na Igreja. Tamb\u00e9m busca atender as estruturas eclesiais que est\u00e3o a servi\u00e7o da miss\u00e3o evangelizadora. Por isso, \u00e9 necess\u00e1rio que todos participem para que alcancemos os objetivos esperados\u201d, motiva o Secret\u00e1rio-Executivo da Campanha 2013, Padre Luiz Carlos Dias.<\/p>\n<p>A CE foi institu\u00edda pelos bispos em 1997 e realizada pela primeira vez em 1998, com o objetivo de despertar nos fi\u00e9is o compromisso evangelizador e a responsabilidade pela sustenta\u00e7\u00e3o das atividades pastorais da Igreja no Brasil. A CE tem o slogan \u201cEvangeli.j\u00e1\u201d.<\/p>\n<p>O Presidente da Comiss\u00e3o Episcopal da Campanha para a Evangeliza\u00e7\u00e3o, Dom Murilo Ramos Krieger, explica o lema \u201cEu vos anuncio uma grande alegria!&#8221;, proposto para este ano: \u201cQueremos que a CE de 2013 seja marcada pela alegria &#8211; alegria que nasce do dom que o Pai nos faz de Seu Filho Jesus no Natal; alegria pelo privil\u00e9gio de termos sido chamados para ser evangelizadores. Por isso, escolhemos como lema da CE de 2013 o an\u00fancio dos anjos aos pastores de Bel\u00e9m\u201d.<\/p>\n<p>O material da Campanha est\u00e1 dispon\u00edvel para download no site da CNBB.<\/p>\n<p style=\"text-align: justify;\"><strong><br \/><\/strong><\/p>\n<p style=\"text-align: justify;\"><strong>Local: Bras\u00edlia (DF)<br \/>Fonte: R\u00e1dio Vaticano<\/strong><\/p>\n","protected":false},"excerpt":{"rendered":"<p>Teve in\u00edcio neste domingo, em sintonia com a solenidade de Cristo Rei, a Campanha para a Evangeliza\u00e7\u00e3o (CE) 2013, promovida pela Confer\u00eancia Nacional dos Bispos do Brasil (CNBB). A Campanha se estende at\u00e9 o 3\u00ba domingo do Advento, 15 de dezembro, quando ser\u00e1 realizada a Coleta Nacional nas par\u00f3quias e comunidades do Brasil. O resultado [&hellip;]<\/p>\n","protected":false},"author":1,"featured_media":0,"comment_status":"closed","ping_status":"closed","sticky":false,"template":"","format":"standard","meta":{"footnotes":""},"categories":[3],"tags":[],"class_list":["post-3501","post","type-post","status-publish","format-standard","hentry","category-vaticano"],"_links":{"self":[{"href":"https:\/\/catolicanet.net\/wp-cnet\/wp-json\/wp\/v2\/posts\/3501","targetHints":{"allow":["GET"]}}],"collection":[{"href":"https:\/\/catolicanet.net\/wp-cnet\/wp-json\/wp\/v2\/posts"}],"about":[{"href":"https:\/\/catolicanet.net\/wp-cnet\/wp-json\/wp\/v2\/types\/post"}],"author":[{"embeddable":true,"href":"https:\/\/catolicanet.net\/wp-cnet\/wp-json\/wp\/v2\/users\/1"}],"replies":[{"embeddable":true,"href":"https:\/\/catolicanet.net\/wp-cnet\/wp-json\/wp\/v2\/comments?post=3501"}],"version-history":[{"count":1,"href":"https:\/\/catolicanet.net\/wp-cnet\/wp-json\/wp\/v2\/posts\/3501\/revisions"}],"predecessor-version":[{"id":7832,"href":"https:\/\/catolicanet.net\/wp-cnet\/wp-json\/wp\/v2\/posts\/3501\/revisions\/7832"}],"wp:attachment":[{"href":"https:\/\/catolicanet.net\/wp-cnet\/wp-json\/wp\/v2\/media?parent=3501"}],"wp:term":[{"taxonomy":"category","embeddable":true,"href":"https:\/\/catolicanet.net\/wp-cnet\/wp-json\/wp\/v2\/categories?post=3501"},{"taxonomy":"post_tag","embeddable":true,"href":"https:\/\/catolicanet.net\/wp-cnet\/wp-json\/wp\/v2\/tags?post=3501"}],"curies":[{"name":"wp","href":"https:\/\/api.w.org\/{rel}","templated":true}]}}