{"id":35007,"date":"2017-08-23T15:00:59","date_gmt":"2017-08-23T18:00:59","guid":{"rendered":"http:\/\/catolicanet.net\/wp-cnet\/?p=35007"},"modified":"2017-11-21T15:18:54","modified_gmt":"2017-11-21T17:18:54","slug":"papa-francisco-recorda-em-tuite-escravidoes-antigas-e-novas","status":"publish","type":"post","link":"https:\/\/catolicanet.net\/wp-cnet\/papa-francisco-recorda-em-tuite-escravidoes-antigas-e-novas\/","title":{"rendered":"Papa Francisco recorda em tu\u00edte escravid\u00f5es antigas e novas"},"content":{"rendered":"<p>Cidade do Vaticano (RV) &#8211; O Papa Francisco lan\u00e7ou um novo tu\u00edte em sua conta @ Pontifex este 23 de agosto, Dia internacional de recorda\u00e7\u00e3o do tr\u00e1fico de escravos e da sua aboli\u00e7\u00e3o, celebrado pela Onu. Diz o texto: \u201cO Senhor se faz pr\u00f3ximo daqueles que s\u00e3o v\u00edtimas de antigas e novas escravid\u00f5es: trabalhos desumanos, tr\u00e1ficos il\u00edcitos e explora\u00e7\u00e3o.\u201d<\/p>\n<p>Sobre esse Dia a R\u00e1dio Vaticano ouviu o subsecret\u00e1rio da Se\u00e7\u00e3o para os Migrantes e os Refugiados do Dicast\u00e9rio para a Promo\u00e7\u00e3o do Desenvolvimento Humano Integral, Pe. Michael Czerny. Eis o que disse:<\/p>\n<p>Pe. Michael Czerny:- \u201c\u00c9 triste que este Dia de celebra\u00e7\u00e3o n\u00e3o seja somente uma recorda\u00e7\u00e3o hist\u00f3rica, mas tamb\u00e9m um tema por demais atual. Ao mesmo tempo \u00e9 preciso dizer que a recorda\u00e7\u00e3o da escravid\u00e3o do passado \u00e9 tamb\u00e9m uma interpela\u00e7\u00e3o aberta, porque as consequ\u00eancias do tr\u00e1fico permanecem at\u00e9 hoje.\u201d<\/p>\n<p>RV: Quais s\u00e3o as consequ\u00eancias?<\/p>\n<p>Pe. Michael Czerny:- \u201cAs consequ\u00eancias s\u00e3o o desequil\u00edbrio nas rela\u00e7\u00f5es sobretudo entre \u00c1frica e Europa e a \u00c1frica e as Am\u00e9ricas: isso perdura como parte deste grande crime.\u201d<\/p>\n<p>RV: Atualmente, a escravid\u00e3o moderna manifesta-se sob outras formas. Reiteradas vezes tamb\u00e9m o Papa Francisco denunciou isso. E tamb\u00e9m o tr\u00e1fico de seres humanos \u00e9 uma forma de escravid\u00e3o moderna, como disse o Santo Padre. S\u00e3o muitas formas que muitas vezes n\u00e3o vemos\u2026<\/p>\n<p>Pe. Michael Czerny:- \u201cExatamente. Talvez essa seja uma diferen\u00e7a em rela\u00e7\u00e3o ao passado, quando a escravid\u00e3o era, por assim dizer, um aspecto mais ou menos \u2018normal\u2019 da sociedade; hoje muit\u00edssimas formas s\u00e3o escondidas e por isso o primeiro passo \u00e9 abrir os olhos e ser sens\u00edveis aos perigos da escravid\u00e3o moderna.\u201d<\/p>\n<p>RV: Escravid\u00e3o moderna que atinge tamb\u00e9m as migra\u00e7\u00f5es: esse \u00e9 um problema que os Estados devem enfrentar&#8230;<\/p>\n<p>Pe. Michael Czerny:- \u201cSim, essa \u00e9 uma das coisas que o Papa Francisco pediu em sua recente mensagem. Significa que os caminhos da migra\u00e7\u00e3o devem ser regulados e devem ser relativamente \u2018f\u00e1ceis\u2019, porque do contr\u00e1rio h\u00e1 o perigo de que o tr\u00e1fico de seres humanos se torne escravid\u00e3o.\u201d<\/p>\n<p>&nbsp;<\/p>\n<p>Fonte: R\u00e1dio Vaticano<\/p>\n","protected":false},"excerpt":{"rendered":"<p>Cidade do Vaticano (RV) &#8211; O Papa Francisco lan\u00e7ou um novo tu\u00edte em sua conta @ Pontifex este 23 de agosto, Dia internacional de recorda\u00e7\u00e3o do tr\u00e1fico de escravos e da sua aboli\u00e7\u00e3o, celebrado pela Onu. Diz o texto: \u201cO Senhor se faz pr\u00f3ximo daqueles que s\u00e3o v\u00edtimas de antigas e novas escravid\u00f5es: trabalhos desumanos, [&hellip;]<\/p>\n","protected":false},"author":1,"featured_media":35008,"comment_status":"open","ping_status":"closed","sticky":false,"template":"","format":"standard","meta":{"footnotes":""},"categories":[3],"tags":[],"class_list":["post-35007","post","type-post","status-publish","format-standard","has-post-thumbnail","hentry","category-vaticano"],"_links":{"self":[{"href":"https:\/\/catolicanet.net\/wp-cnet\/wp-json\/wp\/v2\/posts\/35007","targetHints":{"allow":["GET"]}}],"collection":[{"href":"https:\/\/catolicanet.net\/wp-cnet\/wp-json\/wp\/v2\/posts"}],"about":[{"href":"https:\/\/catolicanet.net\/wp-cnet\/wp-json\/wp\/v2\/types\/post"}],"author":[{"embeddable":true,"href":"https:\/\/catolicanet.net\/wp-cnet\/wp-json\/wp\/v2\/users\/1"}],"replies":[{"embeddable":true,"href":"https:\/\/catolicanet.net\/wp-cnet\/wp-json\/wp\/v2\/comments?post=35007"}],"version-history":[{"count":1,"href":"https:\/\/catolicanet.net\/wp-cnet\/wp-json\/wp\/v2\/posts\/35007\/revisions"}],"predecessor-version":[{"id":35009,"href":"https:\/\/catolicanet.net\/wp-cnet\/wp-json\/wp\/v2\/posts\/35007\/revisions\/35009"}],"wp:featuredmedia":[{"embeddable":true,"href":"https:\/\/catolicanet.net\/wp-cnet\/wp-json\/wp\/v2\/media\/35008"}],"wp:attachment":[{"href":"https:\/\/catolicanet.net\/wp-cnet\/wp-json\/wp\/v2\/media?parent=35007"}],"wp:term":[{"taxonomy":"category","embeddable":true,"href":"https:\/\/catolicanet.net\/wp-cnet\/wp-json\/wp\/v2\/categories?post=35007"},{"taxonomy":"post_tag","embeddable":true,"href":"https:\/\/catolicanet.net\/wp-cnet\/wp-json\/wp\/v2\/tags?post=35007"}],"curies":[{"name":"wp","href":"https:\/\/api.w.org\/{rel}","templated":true}]}}