{"id":34976,"date":"2017-08-22T16:11:59","date_gmt":"2017-08-22T19:11:59","guid":{"rendered":"http:\/\/catolicanet.net\/wp-cnet\/?p=34976"},"modified":"2017-11-21T14:36:41","modified_gmt":"2017-11-21T16:36:41","slug":"esquerdistas-enfrentam-evento-na-puc-rio-mas-bispo-reforca-identidade-catolica-da-instituicao","status":"publish","type":"post","link":"https:\/\/catolicanet.net\/wp-cnet\/esquerdistas-enfrentam-evento-na-puc-rio-mas-bispo-reforca-identidade-catolica-da-instituicao\/","title":{"rendered":"Esquerdistas enfrentam evento na PUC-Rio, mas Bispo refor\u00e7a identidade cat\u00f3lica da institui\u00e7\u00e3o"},"content":{"rendered":"<p>RIO DE JANEIRO, 21 Ago. 17 \/ 04:21 pm (ACI).- Um grupo de esquerda buscou fazer frente a um semin\u00e1rio contra ideologia de g\u00eanero promovido pela Pontif\u00edcia Universidade Cat\u00f3lica do Rio de Janeiro (PUC-Rio), que contou com a presen\u00e7a do Bispo Auxiliar do Rio de Janeiro, Dom Ant\u00f4nio Augusto Duarte; por\u00e9m, para o Prelado, o evento serviu para deixar clara a \u201cidentidade cat\u00f3lica\u201d da institui\u00e7\u00e3o.<\/p>\n<p>O \u201cSemin\u00e1rio de Ideologia de G\u00eanero\u201d foi organizado pelo Programa de Lideran\u00e7a Cat\u00f3lica (MOVE) da PUC-Rio, que \u00e9 composto por jovens universit\u00e1rios, com o objetivo de aprofundar os conhecimentos na Sagrada Escritura e no Magist\u00e9rio da Igreja Cat\u00f3lica.<\/p>\n<p>Segundo o site da Arquidiocese do Rio de Janeiro, o evento tinha como intuito \u201cesclarecer os fi\u00e9is sobre as implica\u00e7\u00f5es da ideologia de g\u00eanero, \u00e0 luz do Magist\u00e9rio da Igreja\u201d.<\/p>\n<p>No dia do evento, um grupo de esquerda se reuniu na \u00e1rea externa da universidade, com cartazes, tentado \u201catrapalhar\u201d o semin\u00e1rio \u201ce bater de frente com o Bispo Auxiliar\u201d do Rio de Janeiro, como relatou em sua p\u00e1gina de Facebook Padre Augusto Bezerra.<\/p>\n<p>O sacerdote postou um v\u00eddeo no qual indicou que o ato representou \u201ca intoler\u00e2ncia da esquerda com um Bispo numa Universidade Cat\u00f3lica\u201d.<\/p>\n<p>Em resposta a tal ato, \u201cnum semin\u00e1rio contra a ideologia de g\u00eanero\u201d, pontou o v\u00eddeo de Pe. Augusto Bezerra, \u201cum Bispo tolerante tranquilamente d\u00e1 a palavra para a esquerda falar o que quiser\u201d. Assim, os manifestantes tiveram alguns minutos para falar aos participantes do evento.<\/p>\n<p>O v\u00eddeo postado por Pe. Bezerra teve grande repercuss\u00e3o, com pessoas que estiveram no evento ressaltando que \u201co semin\u00e1rio foi excelente\u201d. \u201cQuanto a este epis\u00f3dio \u2013 sublinhou um dos participantes \u2013, nem liguei. Ouvimos, eles falaram e foram embora\u201d.<\/p>\n<p>Por outro lado, ressaltou Pe. Augusto Bezerra, \u201cDom Ant\u00f4nio foi ovacionado no final\u201d.<\/p>\n<p>Ap\u00f3s o t\u00e9rmino do semin\u00e1rio, o Prelado concedeu uma entrevista ao MOVE, na qual destacou que, para ele, o evento \u201cfoi uma bela representa\u00e7\u00e3o do mundo cat\u00f3lico na nossa Universidade Cat\u00f3lica\u201d.<\/p>\n<p>\u201cCreio que foi um momento bastante significativo para que os universit\u00e1rios que aqui estudam vejam que a identidade cat\u00f3lica da Universidade \u00e9 predominante\u201d, completou, ressaltando em seu agradecimento \u00e0 PUC-Rio que, al\u00e9m do audit\u00f3rio onde aconteceu o semin\u00e1rio, foi preciso disponibilizar mais sete salas de aula, com transmiss\u00e3o ao vivo, para acolher todos os participantes.<\/p>\n<p>Ao divulgar o semin\u00e1rio no site da Arquidiocese do Rio de Janeiro, o reitor da Igreja Sagrado Cora\u00e7\u00e3o de Jesus da PUC e respons\u00e1vel pelo MOVE, Pe. Alexandre Paciolli, explicou que o tema do evento foi escolhido juntamente com o Arcebispo, Cardeal Orani Tempesta, por observar a necessidade de abordar o tema da ideologia de g\u00eanero dentro da universidade.<\/p>\n<p>\u201cA PUC, enquanto refer\u00eancia de forma\u00e7\u00e3o e lideran\u00e7a em v\u00e1rios campos, aglutina pessoas com um forte desejo de mudan\u00e7a e melhoria social, a partir do cristianismo\u201d, afirmou o sacerdote.<\/p>\n<p>Nesse sentido, indicou que a ideia do semin\u00e1rio era levar as pessoas a conhecer \u201ca fundo um tema importante para a nossa f\u00e9 e amplamente discutido nos dias de hoje\u201d.<\/p>\n<p>Por sua vez, Dom Ant\u00f4nio Augusto assinalou que \u201cesse foi o grande significado desse semin\u00e1rio, dar uma identidade realmente cat\u00f3lica \u00e0 nossa Pontif\u00edcia Universidade\u201d.<\/p>\n<p>O Programa de Lideran\u00e7a Cat\u00f3lica (MOVE) j\u00e1 planeja mais um semin\u00e1rio na PUC-Rio, com o tema \u201cMedicina e vida\u201d, a ser realizado em outubro deste ano.<\/p>\n<p>Fonte: Acidigital<\/p>\n","protected":false},"excerpt":{"rendered":"<p>RIO DE JANEIRO, 21 Ago. 17 \/ 04:21 pm (ACI).- Um grupo de esquerda buscou fazer frente a um semin\u00e1rio contra ideologia de g\u00eanero promovido pela Pontif\u00edcia Universidade Cat\u00f3lica do Rio de Janeiro (PUC-Rio), que contou com a presen\u00e7a do Bispo Auxiliar do Rio de Janeiro, Dom Ant\u00f4nio Augusto Duarte; por\u00e9m, para o Prelado, o [&hellip;]<\/p>\n","protected":false},"author":1,"featured_media":34977,"comment_status":"open","ping_status":"closed","sticky":false,"template":"","format":"standard","meta":{"footnotes":""},"categories":[4],"tags":[],"class_list":["post-34976","post","type-post","status-publish","format-standard","has-post-thumbnail","hentry","category-cotidiano"],"_links":{"self":[{"href":"https:\/\/catolicanet.net\/wp-cnet\/wp-json\/wp\/v2\/posts\/34976","targetHints":{"allow":["GET"]}}],"collection":[{"href":"https:\/\/catolicanet.net\/wp-cnet\/wp-json\/wp\/v2\/posts"}],"about":[{"href":"https:\/\/catolicanet.net\/wp-cnet\/wp-json\/wp\/v2\/types\/post"}],"author":[{"embeddable":true,"href":"https:\/\/catolicanet.net\/wp-cnet\/wp-json\/wp\/v2\/users\/1"}],"replies":[{"embeddable":true,"href":"https:\/\/catolicanet.net\/wp-cnet\/wp-json\/wp\/v2\/comments?post=34976"}],"version-history":[{"count":1,"href":"https:\/\/catolicanet.net\/wp-cnet\/wp-json\/wp\/v2\/posts\/34976\/revisions"}],"predecessor-version":[{"id":34978,"href":"https:\/\/catolicanet.net\/wp-cnet\/wp-json\/wp\/v2\/posts\/34976\/revisions\/34978"}],"wp:featuredmedia":[{"embeddable":true,"href":"https:\/\/catolicanet.net\/wp-cnet\/wp-json\/wp\/v2\/media\/34977"}],"wp:attachment":[{"href":"https:\/\/catolicanet.net\/wp-cnet\/wp-json\/wp\/v2\/media?parent=34976"}],"wp:term":[{"taxonomy":"category","embeddable":true,"href":"https:\/\/catolicanet.net\/wp-cnet\/wp-json\/wp\/v2\/categories?post=34976"},{"taxonomy":"post_tag","embeddable":true,"href":"https:\/\/catolicanet.net\/wp-cnet\/wp-json\/wp\/v2\/tags?post=34976"}],"curies":[{"name":"wp","href":"https:\/\/api.w.org\/{rel}","templated":true}]}}