{"id":34973,"date":"2017-08-22T15:48:38","date_gmt":"2017-08-22T18:48:38","guid":{"rendered":"http:\/\/catolicanet.net\/wp-cnet\/?p=34973"},"modified":"2017-11-21T14:34:20","modified_gmt":"2017-11-21T16:34:20","slug":"pe-fabio-de-melo-um-desabafo-que-alertou-sobre-a-sindrome-do-panico","status":"publish","type":"post","link":"https:\/\/catolicanet.net\/wp-cnet\/pe-fabio-de-melo-um-desabafo-que-alertou-sobre-a-sindrome-do-panico\/","title":{"rendered":"Pe. F\u00e1bio de Melo: Um desabafo que alertou sobre a s\u00edndrome do p\u00e2nico"},"content":{"rendered":"<p>\u201cN\u00e3o sei exatamente o que significa s\u00edndrome do p\u00e2nico, eu s\u00f3 sei que \u00e9 uma coisa muito ruim de sentir\u201d, desabafou Padre F\u00e1bio de Melo, ao revelar que vem enfrentando esta doen\u00e7a, ao mesmo tempo em que chamou a aten\u00e7\u00e3o para o cuidado da sa\u00fade f\u00edsica e emocional dos sacerdotes.<\/p>\n<p>Um sacerdote conhecido, cantor, compositor, apresentador de televis\u00e3o, com uma vasta agenda, Pe. F\u00e1bio de Melo relatou no dia 11 de agosto em uma publica\u00e7\u00e3o em seu Instagram que havia tido 20 dias antes \u201csintomas de s\u00edndrome de p\u00e2nico\u201d, algo que j\u00e1 tinha enfrentado \u201c2 anos atr\u00e1s\u201d e superado \u201cmuito rapidamente na \u00e9poca\u201d.<\/p>\n<p>Mas, desta vez, o presb\u00edtero compartilhou com seus seguidores da rede social que \u201cfoi muito diferente\u201d. \u201cFiquei praticamente uma semana trancado em casa, com sensa\u00e7\u00e3o de morte, tristeza profunda e medo de tudo. Nunca chorei tanto na minha vida\u201d, contou.<\/p>\n<p>Agradecendo pelo carinho de todos, garantiu que falaria \u201cmais sobre o assunto\u201d, quando estivesse \u201cmais inteiro\u201d, por considerar que poderia \u201cajudar os que enfrentam o mesmo problema\u201d.<\/p>\n<p>Foi o que fez no dia 16 de agosto, durante o programa \u2018Dire\u00e7\u00e3o Espiritual\u2019, que apresenta na TV Can\u00e7\u00e3o Nova.<\/p>\n<p>Pe. F\u00e1bio de Melo contou sobre \u201cesse momento dif\u00edcil\u201d que est\u00e1 vivendo. Segundo ele, tudo come\u00e7ou quando, em julho, foi para Fortaleza cumprir sua agenda. Quando o avi\u00e3o aterrissou, disse ter sentido um grande mal-estar, taquicardia, m\u00e3os suando, sensa\u00e7\u00e3o de medo e opress\u00e3o.<\/p>\n<p>Ao tomar o medicamento que leva sempre consigo, conseguiu cumprir sua agenda e retornou para casa, no interior de S\u00e3o Paulo, onde enfrentou os sintomas da s\u00edndrome do p\u00e2nico. \u201cUm estado emocional, espiritual, que eu nunca tinha experimentado em minha vida\u201d.<\/p>\n<p>Foram dez dias durante os quais disse ter vivido \u201cum processo t\u00e3o destrutivo\u201d que, \u201cao mesmo tempo em que o meu medo de morrer era t\u00e3o grande, eu sentia vontade de morrer, para cessar tudo aquilo\u201d.<\/p>\n<p>\u201cClaro, em dois ou tr\u00eas dias, eu entreguei os pontos mesmo, de n\u00e3o querer sair do quarto. Mas, nos outros dias n\u00e3o, era conciliando esta dor, esta ang\u00fastia com uma tentativa de sobreviver\u201d, relatou o sacerdote, que atualmente faz uso de medicamentos para a s\u00edndrome.<\/p>\n<p>Pe. F\u00e1bio disse que logo procurou seu Bispo, Dom Wilson Lu\u00eds Angotti (da Diocese de Taubat\u00e9), que o acolheu \u201ccom muito carinho\u201d. \u201cDesabafei, contei a ele todas as minhas ang\u00fastias, todas as minhas dores. Ele concordou comigo que eu precisava de um aux\u00edlio m\u00e9dico e tamb\u00e9m procurar criar na agenda da minha vida um espa\u00e7o para eu ter condi\u00e7\u00f5es de viver o que n\u00e3o \u00e9 obriga\u00e7\u00e3o\u201d, disse.<\/p>\n<p>Nesse sentido, salientou que, embora se realize \u201cnaquilo que \u00e9 obriga\u00e7\u00e3o\u201d, tamb\u00e9m \u00e9 preciso \u201cter um espa\u00e7o para o l\u00fadico, para o n\u00e3o compromisso\u201d.<\/p>\n<p>De acordo com a Organiza\u00e7\u00e3o Mundial da Sa\u00fade (OMS), de 2 a 4% da popula\u00e7\u00e3o mundial tem a s\u00edndrome do p\u00e2nico. Ainda segundo a entidade, no Brasil, 9% da popula\u00e7\u00e3o sofre de algum transtorno de ansiedade, entre os quais se encontram a s\u00edndrome do p\u00e2nico, fobias, transtorno obsessivo-compulsivo, ansiedade social, entre outros.<\/p>\n<p>O pr\u00f3prio Pe. F\u00e1bio de Melo revelou que recebeu retorno de outros sacerdotes amigos seus que contaram estar \u201cvivendo algo semelhante\u201d.<\/p>\n<p>\u201cIsso tem sido muito pr\u00f3prio da vida sacerdotal, parece que o padre foi assumindo trabalhos, trabalhos e trabalhos, e n\u00f3s perdemos o direito de viver sem culpa o divertimento, parece que, se a gente \u00e9 visto em um lugar que n\u00e3o \u00e9 a Igreja, se a gente \u00e9 visto de repente com alguns amigos, aquilo pode n\u00e3o soar bem\u201d, sublinhou.<\/p>\n<p>\u201cQuando esse meu amigo me mandou uma mensagem se solidarizando comigo, ele me disse: \u2018eu estou enfrentando a mesma coisa, com uma diferen\u00e7a, n\u00e3o tenho a coragem que voc\u00ea tem de contar\u2019\u201d, relatou Pe. F\u00e1bio, ao aconselhar que \u201cas nossas dores precisam ser partilhadas, as nossas ang\u00fastias, as nossas ansiedades\u201d.<\/p>\n<p>Para o sacerdote, \u201cquando n\u00f3s dizemos, de alguma forma, come\u00e7amos a organizar dentro de n\u00f3s o que est\u00e1 desorganizado\u201d. Trata-se de \u201cuma forma de voc\u00ea se comprometer com aquilo que est\u00e1 acontecendo. Falar faz bem, contar \u00e0s pessoas que n\u00f3s amamos faz bem\u201d.<\/p>\n<p>Por fim, Pe. F\u00e1bio declarou: \u201cEstou vivendo um momento dif\u00edcil na minha vida, um momento de crise, e eu tenho f\u00e9 de que essa crise vai me tornar um ser humano melhor\u201d.<\/p>\n<p>&nbsp;<\/p>\n<p>Fonte: Acidigital<\/p>\n","protected":false},"excerpt":{"rendered":"<p>\u201cN\u00e3o sei exatamente o que significa s\u00edndrome do p\u00e2nico, eu s\u00f3 sei que \u00e9 uma coisa muito ruim de sentir\u201d, desabafou Padre F\u00e1bio de Melo, ao revelar que vem enfrentando esta doen\u00e7a, ao mesmo tempo em que chamou a aten\u00e7\u00e3o para o cuidado da sa\u00fade f\u00edsica e emocional dos sacerdotes. Um sacerdote conhecido, cantor, compositor, [&hellip;]<\/p>\n","protected":false},"author":1,"featured_media":34972,"comment_status":"open","ping_status":"closed","sticky":false,"template":"","format":"standard","meta":{"footnotes":""},"categories":[4],"tags":[],"class_list":["post-34973","post","type-post","status-publish","format-standard","has-post-thumbnail","hentry","category-cotidiano"],"_links":{"self":[{"href":"https:\/\/catolicanet.net\/wp-cnet\/wp-json\/wp\/v2\/posts\/34973","targetHints":{"allow":["GET"]}}],"collection":[{"href":"https:\/\/catolicanet.net\/wp-cnet\/wp-json\/wp\/v2\/posts"}],"about":[{"href":"https:\/\/catolicanet.net\/wp-cnet\/wp-json\/wp\/v2\/types\/post"}],"author":[{"embeddable":true,"href":"https:\/\/catolicanet.net\/wp-cnet\/wp-json\/wp\/v2\/users\/1"}],"replies":[{"embeddable":true,"href":"https:\/\/catolicanet.net\/wp-cnet\/wp-json\/wp\/v2\/comments?post=34973"}],"version-history":[{"count":1,"href":"https:\/\/catolicanet.net\/wp-cnet\/wp-json\/wp\/v2\/posts\/34973\/revisions"}],"predecessor-version":[{"id":34975,"href":"https:\/\/catolicanet.net\/wp-cnet\/wp-json\/wp\/v2\/posts\/34973\/revisions\/34975"}],"wp:featuredmedia":[{"embeddable":true,"href":"https:\/\/catolicanet.net\/wp-cnet\/wp-json\/wp\/v2\/media\/34972"}],"wp:attachment":[{"href":"https:\/\/catolicanet.net\/wp-cnet\/wp-json\/wp\/v2\/media?parent=34973"}],"wp:term":[{"taxonomy":"category","embeddable":true,"href":"https:\/\/catolicanet.net\/wp-cnet\/wp-json\/wp\/v2\/categories?post=34973"},{"taxonomy":"post_tag","embeddable":true,"href":"https:\/\/catolicanet.net\/wp-cnet\/wp-json\/wp\/v2\/tags?post=34973"}],"curies":[{"name":"wp","href":"https:\/\/api.w.org\/{rel}","templated":true}]}}