{"id":34965,"date":"2017-08-22T14:31:24","date_gmt":"2017-08-22T17:31:24","guid":{"rendered":"http:\/\/catolicanet.net\/wp-cnet\/?p=34965"},"modified":"2017-11-21T14:24:49","modified_gmt":"2017-11-21T16:24:49","slug":"diocese-do-funchal-celebra-missa-por-vitimas-de-tragedia-com-transmissao-ao-vivo","status":"publish","type":"post","link":"https:\/\/catolicanet.net\/wp-cnet\/diocese-do-funchal-celebra-missa-por-vitimas-de-tragedia-com-transmissao-ao-vivo\/","title":{"rendered":"Diocese do Funchal celebra Missa por v\u00edtimas de trag\u00e9dia com transmiss\u00e3o ao vivo"},"content":{"rendered":"<p>LISBOA, 22 Ago. 17 \/ 01:50 pm (ACI).- A Diocese do Funchal celebrar\u00e1 nesta ter\u00e7a-feira, uma Missa \u201cem mem\u00f3ria e sufr\u00e1gio das v\u00edtimas\u201d da queda de uma \u00e1rvore no \u00faltimo dia 15 de agosto, em frente ao Santu\u00e1rio de Nossa Senhora do Monte; a celebra\u00e7\u00e3o ter\u00e1 transmiss\u00e3o ao vivo.<\/p>\n<p>\u201cSer\u00e1 um momento para pedir a Deus a Sua miseric\u00f3rdia para os que faleceram e a for\u00e7a e a esperan\u00e7a, de forma particular, para todas as outras v\u00edtimas, feridos e familiares\u201d, assinalou a Diocese.<\/p>\n<p>Para esta celebra\u00e7\u00e3o, lan\u00e7ou um convite \u00e0s \u201cautoridades civis e militares, os sacerdotes e consagrados e todo o povo de Deus a participar ou de algum modo associar-se a este momento de ora\u00e7\u00e3o, de f\u00e9 e de esperan\u00e7a\u201d.<\/p>\n<p>A Celebra\u00e7\u00e3o Eucar\u00edstica, que ser\u00e1 transmitida pelo canal do Youtube da Diocese do Funchal, bem como pelas r\u00e1dios Renascen\u00e7a e Sim, acontecer\u00e1 \u00e0s 18h (hora local) na S\u00e9 do Funchal, presidida pelo Bispo, Dom Ant\u00f3nio Carrilho.<\/p>\n<p>A trag\u00e9dia da freguesia do Monte aconteceu no dia 15 de agosto, quando uma \u00e1rvore de grande porte desabou sobre v\u00e1rias pessoas que aguardavam a sa\u00edda da prociss\u00e3o da festa de Nossa Senhora do Monte, considerada um dos acontecimentos religiosos mais importantes da Ilha da Madeira.<\/p>\n<p>A queda da \u00e1rvore causou a morte de 13 pessoas e deixou 49 feridos, dos quais 6 ainda est\u00e3o internados no Hospital Dr.\u00ba N\u00e9lio Mendon\u00e7a, no Funchal, em estado considerado grave.<\/p>\n<p>Na segunda-feira, 21 de agosto, a cidade do Funchal celebrou os seus 509 anos com uma Missa, durante a qual recordou-se \u201ctodos os que foram atingidos direta ou indiretamente\u201d por esta trag\u00e9dia.<\/p>\n<p>Em sua homilia, o Vig\u00e1rio-geral da Diocese do Funchal, C\u00f4nego Jos\u00e9 Fiel de Sousa, destacou a \u201cconfian\u00e7a\u201d expressa em \u201cmuitos testemunhos de f\u00e9 em Deus e na Virgem Maria\u201d.<\/p>\n<p>\u201cRezemos por aqueles que partiram, mas que, pela comunh\u00e3o dos santos, sentimos a sua presen\u00e7a no meio de n\u00f3s. Estamos \u2018online\u2019 com eles e nunca \u2018off\u2019, porque o amor \u00e9 mais forte que a morte\u201d, afirmou o Vig\u00e1rio-geral.<\/p>\n<p>O sacerdote disse que os falecidos nesta trag\u00e9dia \u201cforam e continuam a ser, desde o c\u00e9u, fonte de inspira\u00e7\u00e3o para a nossa cidade e para todos os cidad\u00e3os\u201d.<\/p>\n<p>&nbsp;<\/p>\n<p>Fonte: Acidigtal<\/p>\n","protected":false},"excerpt":{"rendered":"<p>LISBOA, 22 Ago. 17 \/ 01:50 pm (ACI).- A Diocese do Funchal celebrar\u00e1 nesta ter\u00e7a-feira, uma Missa \u201cem mem\u00f3ria e sufr\u00e1gio das v\u00edtimas\u201d da queda de uma \u00e1rvore no \u00faltimo dia 15 de agosto, em frente ao Santu\u00e1rio de Nossa Senhora do Monte; a celebra\u00e7\u00e3o ter\u00e1 transmiss\u00e3o ao vivo. \u201cSer\u00e1 um momento para pedir a [&hellip;]<\/p>\n","protected":false},"author":1,"featured_media":34966,"comment_status":"open","ping_status":"closed","sticky":false,"template":"","format":"standard","meta":{"footnotes":""},"categories":[4],"tags":[],"class_list":["post-34965","post","type-post","status-publish","format-standard","has-post-thumbnail","hentry","category-cotidiano"],"_links":{"self":[{"href":"https:\/\/catolicanet.net\/wp-cnet\/wp-json\/wp\/v2\/posts\/34965","targetHints":{"allow":["GET"]}}],"collection":[{"href":"https:\/\/catolicanet.net\/wp-cnet\/wp-json\/wp\/v2\/posts"}],"about":[{"href":"https:\/\/catolicanet.net\/wp-cnet\/wp-json\/wp\/v2\/types\/post"}],"author":[{"embeddable":true,"href":"https:\/\/catolicanet.net\/wp-cnet\/wp-json\/wp\/v2\/users\/1"}],"replies":[{"embeddable":true,"href":"https:\/\/catolicanet.net\/wp-cnet\/wp-json\/wp\/v2\/comments?post=34965"}],"version-history":[{"count":1,"href":"https:\/\/catolicanet.net\/wp-cnet\/wp-json\/wp\/v2\/posts\/34965\/revisions"}],"predecessor-version":[{"id":34967,"href":"https:\/\/catolicanet.net\/wp-cnet\/wp-json\/wp\/v2\/posts\/34965\/revisions\/34967"}],"wp:featuredmedia":[{"embeddable":true,"href":"https:\/\/catolicanet.net\/wp-cnet\/wp-json\/wp\/v2\/media\/34966"}],"wp:attachment":[{"href":"https:\/\/catolicanet.net\/wp-cnet\/wp-json\/wp\/v2\/media?parent=34965"}],"wp:term":[{"taxonomy":"category","embeddable":true,"href":"https:\/\/catolicanet.net\/wp-cnet\/wp-json\/wp\/v2\/categories?post=34965"},{"taxonomy":"post_tag","embeddable":true,"href":"https:\/\/catolicanet.net\/wp-cnet\/wp-json\/wp\/v2\/tags?post=34965"}],"curies":[{"name":"wp","href":"https:\/\/api.w.org\/{rel}","templated":true}]}}