{"id":34959,"date":"2017-08-22T11:33:22","date_gmt":"2017-08-22T14:33:22","guid":{"rendered":"http:\/\/catolicanet.net\/wp-cnet\/?p=34959"},"modified":"2017-11-21T14:19:14","modified_gmt":"2017-11-21T16:19:14","slug":"mensagem-para-o-dia-do-catequista-recorda-a-generosidade-amorosa-do-senhor","status":"publish","type":"post","link":"https:\/\/catolicanet.net\/wp-cnet\/mensagem-para-o-dia-do-catequista-recorda-a-generosidade-amorosa-do-senhor\/","title":{"rendered":"Mensagem para o Dia do Catequista recorda a generosidade amorosa do Senhor"},"content":{"rendered":"<p>A Comiss\u00e3o para a Anima\u00e7\u00e3o B\u00edblico-Catequ\u00e9tica da Confer\u00eancia Nacional dos Bispos do Brasil (CNBB) divulgou mensagem para os catequistas de todo o Brasil, por ocasi\u00e3o do dia a eles dedicado, 27 de agosto. O texto \u00e9 assinado pelo arcebispo de Curitiba e presidente da Comiss\u00e3o, dom Jos\u00e9 Ant\u00f4nio Peruzzo.<\/p>\n<p>A mensagem, al\u00e9m de uma palavra de gratid\u00e3o em nome do episcopado brasileiro, deseja encorajar \u00e0 perseveran\u00e7a todos os catequistas. No texto, dom Peruzzo afirma que escrever para a ocasi\u00e3o pode at\u00e9 ter se tornado um h\u00e1bito que se repete a cada ano, mas recorda que se lan\u00e7ar um olhar \u00e0s tantas experi\u00eancias catequ\u00e9ticas de amor, de dor, de cruz e de vit\u00f3rias, ent\u00e3o as lembran\u00e7as conferem sentidos as linhas.<\/p>\n<p>\u201cLembra daquele catequizando (a) repleto de muitas car\u00eancias, que esbo\u00e7ou um sorriso t\u00edmido ao receber seu gesto de ternura de catequista? \u00c9 bem poss\u00edvel que a Catequese seja um dos poucos ambientes em que algu\u00e9m lhe manifestou afeto. E Voc\u00ea Catequista estava l\u00e1 para amar aquele (a) que Deus queria abra\u00e7ar. Nem Deus nem o catequizando v\u00e3o esquecer. Se por um lado houve caminhos espinhosos, por outro, qu\u00e3o belas devem ter sido aquelas experi\u00eancias de amor gratuito!!\u201d, diz um trecho da mensagem.<\/p>\n<p>Como reflex\u00e3o, na mensagem, dom Peruzzo recorda a p\u00e1gina de um catequista de outros tempos, o evangelista Mateus. Ele cita a passagem b\u00edblica na qual os disc\u00edpulos, preocupados com suas pr\u00f3prias impossibilidades de compartilharem a comida que tinham com a multid\u00e3o, a pedido do Senhor, acabaram por experimentar de sua imensa generosidade amorosa. \u201cEle deu aos disc\u00edpulos, e os disc\u00edpulos \u00e0s multid\u00f5es\u201d (14,19).<\/p>\n<p>\u201cFa\u00e7amos agora um pequeno exerc\u00edcio de imagina\u00e7\u00e3o. Vamos recordar qu\u00e3o grandes s\u00e3o as necessidades das nossas comunidades, dos nossos catequizandos, das suas fam\u00edlias\u2026 Mais um passo e agora pensemos nas nossas pequenezas. Se o Senhor Jesus estiver por perto, falemos-lhe sobre \u2018S\u00f3 o que temos\u2026\u2019. O que ouvir\u00edamos? Ele aguarda nossa palavra. E eles, os catequizandos, como que a nos olhar, tamb\u00e9m est\u00e3o a observar nossos gestos\u201d, diz um trecho.<\/p>\n<p>No final do texto, dom Peruzzo faz uma considera\u00e7\u00e3o \u2013 a de que n\u00e3o precisamos oferecer do que n\u00e3o temos -, mas a do que o Senhor tem a dar. O bispo recorda ainda que quando as for\u00e7as faltarem, se as motiva\u00e7\u00f5es diminu\u00edrem, se as desilus\u00f5es cansarem, entre tantas vozes dever\u00e1 escolher sempre a voz do Senhor. Ele enfatiza ainda que o Senhor n\u00e3o deixar\u00e1 os seus escolhidos sem respostas, como no caso dos disc\u00edpulos.<\/p>\n<p>\u201cEm nome da CNBB, que representa os Bispos do Brasil, com muita afei\u00e7\u00e3o quero manifestar \u00e0s centenas de milhares de Catequistas do Brasil as mais fortes palavras de gratid\u00e3o. Que Deus lhes multiplique em b\u00ean\u00e7\u00e3os pela grande B\u00ean\u00e7\u00e3o que s\u00e3o \u00e0 nossa Igreja\u201d, finaliza a mensagem.<\/p>\n<p>Confira a mensagem,<a href=\"http:\/\/www.catequesedobrasil.org.br\/\">\u00a0na \u00edntegra,<\/a>\u00a0no novo site da Comiss\u00e3o.<\/p>\n<p>&nbsp;<\/p>\n<p>Fonte: CNBB<\/p>\n","protected":false},"excerpt":{"rendered":"<p>A Comiss\u00e3o para a Anima\u00e7\u00e3o B\u00edblico-Catequ\u00e9tica da Confer\u00eancia Nacional dos Bispos do Brasil (CNBB) divulgou mensagem para os catequistas de todo o Brasil, por ocasi\u00e3o do dia a eles dedicado, 27 de agosto. O texto \u00e9 assinado pelo arcebispo de Curitiba e presidente da Comiss\u00e3o, dom Jos\u00e9 Ant\u00f4nio Peruzzo. A mensagem, al\u00e9m de uma palavra [&hellip;]<\/p>\n","protected":false},"author":1,"featured_media":34960,"comment_status":"open","ping_status":"closed","sticky":false,"template":"","format":"standard","meta":{"footnotes":""},"categories":[7],"tags":[],"class_list":["post-34959","post","type-post","status-publish","format-standard","has-post-thumbnail","hentry","category-cnbb"],"_links":{"self":[{"href":"https:\/\/catolicanet.net\/wp-cnet\/wp-json\/wp\/v2\/posts\/34959","targetHints":{"allow":["GET"]}}],"collection":[{"href":"https:\/\/catolicanet.net\/wp-cnet\/wp-json\/wp\/v2\/posts"}],"about":[{"href":"https:\/\/catolicanet.net\/wp-cnet\/wp-json\/wp\/v2\/types\/post"}],"author":[{"embeddable":true,"href":"https:\/\/catolicanet.net\/wp-cnet\/wp-json\/wp\/v2\/users\/1"}],"replies":[{"embeddable":true,"href":"https:\/\/catolicanet.net\/wp-cnet\/wp-json\/wp\/v2\/comments?post=34959"}],"version-history":[{"count":1,"href":"https:\/\/catolicanet.net\/wp-cnet\/wp-json\/wp\/v2\/posts\/34959\/revisions"}],"predecessor-version":[{"id":34961,"href":"https:\/\/catolicanet.net\/wp-cnet\/wp-json\/wp\/v2\/posts\/34959\/revisions\/34961"}],"wp:featuredmedia":[{"embeddable":true,"href":"https:\/\/catolicanet.net\/wp-cnet\/wp-json\/wp\/v2\/media\/34960"}],"wp:attachment":[{"href":"https:\/\/catolicanet.net\/wp-cnet\/wp-json\/wp\/v2\/media?parent=34959"}],"wp:term":[{"taxonomy":"category","embeddable":true,"href":"https:\/\/catolicanet.net\/wp-cnet\/wp-json\/wp\/v2\/categories?post=34959"},{"taxonomy":"post_tag","embeddable":true,"href":"https:\/\/catolicanet.net\/wp-cnet\/wp-json\/wp\/v2\/tags?post=34959"}],"curies":[{"name":"wp","href":"https:\/\/api.w.org\/{rel}","templated":true}]}}