{"id":34944,"date":"2017-08-21T14:25:51","date_gmt":"2017-08-21T17:25:51","guid":{"rendered":"http:\/\/catolicanet.net\/wp-cnet\/?p=34944"},"modified":"2017-11-21T13:50:25","modified_gmt":"2017-11-21T15:50:25","slug":"eclipse-solar-a-reflexao-do-astronomo-diretor-do-observatorio-do-vaticano","status":"publish","type":"post","link":"https:\/\/catolicanet.net\/wp-cnet\/eclipse-solar-a-reflexao-do-astronomo-diretor-do-observatorio-do-vaticano\/","title":{"rendered":"Eclipse solar: A reflex\u00e3o do astr\u00f4nomo diretor do Observat\u00f3rio do Vaticano"},"content":{"rendered":"<p>REDA\u00c7\u00c3O CENTRAL, 21 Ago. 17 \/ 01:25 pm (ACI).- O irm\u00e3o jesu\u00edta Guy Consolmagno, doutor em Ci\u00eancias Planet\u00e1rias, astr\u00f4nomo e diretor do Observat\u00f3rio do Vaticano, est\u00e1 realizando uma visita aos Estados Unidos, o \u00fanico lugar na terra onde ser\u00e1 visto hoje um eclipse total do sol.<\/p>\n<p>O Irm\u00e3o Consolmagno, especialista em asteroides e meteoritos, conversou na quinta-feira, 17 de agosto, com a revista TIME, depois de chegar ao local onde ser\u00e1 poss\u00edvel observar com mais precis\u00e3o o fen\u00f4meno que durar\u00e1 aproximadamente 1 hora e 33 minutos, na cidade de Hopkinsville, Kentucky.<\/p>\n<p>\u201cDeus poderia ter criado o universo de muitas maneiras diferentes. Deus quis fazer um universo racional, de maneira que pud\u00e9ssemos prever estes eclipses com uma grande precis\u00e3o e, ao mesmo tempo (&#8230; ), h\u00e1 uma alegria enorme de ver a beleza que vem, que podemos sentir, ver a sua formosura\u201d , disse o jesu\u00edta, que permanecer\u00e1 na tarde de hoje na igreja local dos Santos Pedro e Paulo.<\/p>\n<p>Sobre o significado do eclipse, o diretor do Observat\u00f3rio Vaticano disse que o eclipse \u201cnos recorda a imensa beleza do universo que ocorre fora do nosso pr\u00f3prio pequeno campo de preocupa\u00e7\u00f5es. Isso nos impressiona e nos lembra de que fazemos parte de um universo grande, glorioso e lindo\u201d, recordou o jesu\u00edta.<\/p>\n<p>\u201cO significado vem com melhores perguntas. H\u00e1 diversas maneiras diferentes de aproximar-se espiritualmente da vida. Comece com qualquer tradi\u00e7\u00e3o sua e pergunte a si mesmo, quais perguntas isso provoca em voc\u00ea? E apenas reflita sobre essas perguntas em seu cora\u00e7\u00e3o\u201d, interpelou o cientista.<\/p>\n<p>Nesse sentido, o Irm\u00e3o Consolmagno recordou a Virgem Maria e o que disseram sobre como ela compreendeu o menino Jesus enquanto o criava.<\/p>\n<p>\u201cN\u00e3o escreveu um livro sobre Cristologia. O Evangelho de S\u00e3o Lucas, diz que ela meditava essas coisas em seu cora\u00e7\u00e3o. E simplesmente tomar esse tempo para refletir n\u00e3o \u00e9 algo a que dedicamos um tempo suficiente\u201d, recordou.<\/p>\n<p>Finalmente, o astr\u00f4nomo oficial do Papa Francisco se dirigiu a todas as pessoas que ter\u00e3o a oportunidade de vislumbrar o eclipse, esclarecendo que n\u00e3o precisar\u00e3o de um telesc\u00f3pio, instru\u00e7\u00e3o ou que algu\u00e9m lhes explique sobre o que estar\u00e3o vendo.<\/p>\n<p>\u201cQualquer pessoa que o experimente e que estiver l\u00e1 sob a sombra da lua, experimentar\u00e1 o eclipse. Todos n\u00f3s estamos sob o mesmo c\u00e9u. Esse sentimento comum de alegria \u00e9 algo que pode nos unir e incentivar a querer aprender mais\u201d, concluiu.<\/p>\n<p>&nbsp;<\/p>\n<p>Fonte: Acidigital<\/p>\n","protected":false},"excerpt":{"rendered":"<p>REDA\u00c7\u00c3O CENTRAL, 21 Ago. 17 \/ 01:25 pm (ACI).- O irm\u00e3o jesu\u00edta Guy Consolmagno, doutor em Ci\u00eancias Planet\u00e1rias, astr\u00f4nomo e diretor do Observat\u00f3rio do Vaticano, est\u00e1 realizando uma visita aos Estados Unidos, o \u00fanico lugar na terra onde ser\u00e1 visto hoje um eclipse total do sol. O Irm\u00e3o Consolmagno, especialista em asteroides e meteoritos, conversou [&hellip;]<\/p>\n","protected":false},"author":1,"featured_media":34945,"comment_status":"open","ping_status":"closed","sticky":false,"template":"","format":"standard","meta":{"footnotes":""},"categories":[4],"tags":[],"class_list":["post-34944","post","type-post","status-publish","format-standard","has-post-thumbnail","hentry","category-cotidiano"],"_links":{"self":[{"href":"https:\/\/catolicanet.net\/wp-cnet\/wp-json\/wp\/v2\/posts\/34944","targetHints":{"allow":["GET"]}}],"collection":[{"href":"https:\/\/catolicanet.net\/wp-cnet\/wp-json\/wp\/v2\/posts"}],"about":[{"href":"https:\/\/catolicanet.net\/wp-cnet\/wp-json\/wp\/v2\/types\/post"}],"author":[{"embeddable":true,"href":"https:\/\/catolicanet.net\/wp-cnet\/wp-json\/wp\/v2\/users\/1"}],"replies":[{"embeddable":true,"href":"https:\/\/catolicanet.net\/wp-cnet\/wp-json\/wp\/v2\/comments?post=34944"}],"version-history":[{"count":1,"href":"https:\/\/catolicanet.net\/wp-cnet\/wp-json\/wp\/v2\/posts\/34944\/revisions"}],"predecessor-version":[{"id":34946,"href":"https:\/\/catolicanet.net\/wp-cnet\/wp-json\/wp\/v2\/posts\/34944\/revisions\/34946"}],"wp:featuredmedia":[{"embeddable":true,"href":"https:\/\/catolicanet.net\/wp-cnet\/wp-json\/wp\/v2\/media\/34945"}],"wp:attachment":[{"href":"https:\/\/catolicanet.net\/wp-cnet\/wp-json\/wp\/v2\/media?parent=34944"}],"wp:term":[{"taxonomy":"category","embeddable":true,"href":"https:\/\/catolicanet.net\/wp-cnet\/wp-json\/wp\/v2\/categories?post=34944"},{"taxonomy":"post_tag","embeddable":true,"href":"https:\/\/catolicanet.net\/wp-cnet\/wp-json\/wp\/v2\/tags?post=34944"}],"curies":[{"name":"wp","href":"https:\/\/api.w.org\/{rel}","templated":true}]}}